{"id":10531,"date":"2024-10-06T10:38:15","date_gmt":"2024-10-06T14:38:15","guid":{"rendered":"https:\/\/guayoyo24.com\/website\/?p=10531"},"modified":"2024-10-08T17:52:03","modified_gmt":"2024-10-08T21:52:03","slug":"israel-confirmo-muerte-de-otro-comandante-del-hezbola-en-libano","status":"publish","type":"post","link":"https:\/\/guayoyo24.com\/website\/2024\/10\/06\/israel-confirmo-muerte-de-otro-comandante-del-hezbola-en-libano\/","title":{"rendered":"Israel confirm\u00f3 muerte de otro comandante del Hezbol\u00e1 en L\u00edbano"},"content":{"rendered":"<p style=\"text-align: justify;\">(Jerusal\u00e9n, 6 de octubre de 2024 \u2013 EFE \/ MundoUR).- El Ej\u00e9rcito de Israel confirm\u00f3 este domingo la muerte de Hader Ali Tawiil, comandante de la compa\u00f1\u00eda Kafr Kila del grupo chi\u00ed Hezbol\u00e1, al que atribuyeron la responsabilidad de disparar \u00abcientos de proyectiles y misiles antitanques contra las comunidades del norte de Israel\u00bb.<\/p>\n<p style=\"text-align: justify;\">Ali Tawiil muri\u00f3 en un bombardeo de las Fuerzas del Aire israel\u00edes, si bien el Ej\u00e9rcito no dio m\u00e1s detalles al respecto, como su ubicaci\u00f3n. Sin embargo, la compa\u00f1\u00eda comandada por el miliciano, la de Kafr Kila, se corresponde con una localidad fronteriza con Israel.<\/p>\n<p style=\"text-align: justify;\">Tawiil, de la mano de los milicianos Mohamed Hader y Hassan Ntiir, ambos tambi\u00e9n fallecidos en ataques israel\u00edes esta semana, particip\u00f3 en un ataque con un misil antitanque que mat\u00f3 a un civil israel\u00ed de 76 a\u00f1os, Mira Ayalon, y su hijo, el sargento reservista Barak Ayalon, en el norte de Israel.<\/p>\n<p style=\"text-align: justify;\">Con este anuncio aumentan las cifras de los l\u00edderes del grupo proiran\u00ed a los que Israel ha matado en los \u00faltimos d\u00edas, y que ayer el portavoz castrense\u00a0<a href=\"https:\/\/x.com\/IDFSpokesperson\">Daniel Hagari<\/a>\u00a0estimo en m\u00e1s de 30 durante una comparecencia en v\u00eddeo.<\/p>\n<p style=\"text-align: justify;\">En total, Hagari asegur\u00f3 que las fuerzas armadas han acabado con unos 440 combatientes desde que lanz\u00f3 su incursi\u00f3n terrestre \u00ablimitada\u00bb en el sur del L\u00edbano, en la que hasta ahora han muerto al menos nueve soldados israel\u00edes y uno result\u00f3 ayer gravemente herido.<\/p>\n<p style=\"text-align: justify;\">\u00abEstamos empujando a Hezbol\u00e1 hacia el norte. Algunos terroristas huyeron y otros est\u00e1n siendo derrotados por nuestras tropas en combates a corta distancia\u00bb, dijo el vocero del Ej\u00e9rcito.<\/p>\n<p style=\"text-align: justify;\">El jefe del Estado Mayor del Ej\u00e9rcito, Herzi Halevi, tambi\u00e9n lanz\u00f3 anoche un comunicado en el que insisti\u00f3 en que las fuerzas armadas tienen que \u00abcontinuar aplicando presi\u00f3n sobre Hizbul\u00e1 y hacer da\u00f1o adicional y continuo al enemigo, sin concesiones y sin darle respiro a la organizaci\u00f3n\u00bb.<\/p>\n<p style=\"text-align: justify;\">Durante los movimientos de las tropas en el sur de L\u00edbano, los uniformados de la 98\u00aa Divisi\u00f3n destruyeron un t\u00fanel de unos 250 metros que se encontraba a unos 300 metros de la frontera entre L\u00edbano e Israel.<\/p>\n<p style=\"text-align: justify;\">En dicho espacio subterr\u00e1neo los uniformados encontraron \u00abcentros de control, equipamientos de combate y un amplio n\u00famero de armas que las fuerzas Radwan de Hezbol\u00e1 -un cuerpo de \u00e9lite- iban a utilizar en una invasi\u00f3n en Israel\u00bb.<\/p>\n<p style=\"text-align: justify;\">Hace m\u00e1s de diez d\u00edas, Israel lanz\u00f3 una intensa campa\u00f1a de bombardeos contra el L\u00edbano, especialmente en el sur, el valle de la Bec\u00e1 -este- y Beirut -en los suburbios del sur, conocidos como Dahye, pero tambi\u00e9n en el centro de la capital en dos ocasiones.<\/p>\n<p style=\"text-align: justify;\">Desde que comenz\u00f3 este despunte de las hostilidades, m\u00e1s de 2.000 libaneses han muerto y 1,2 millones se han visto obligados a desplazarse por los bombardeos israel\u00edes.<\/p>\n","protected":false},"excerpt":{"rendered":"<p>(Jerusal\u00e9n, 6 de octubre de 2024 \u2013 EFE \/ MundoUR).- El Ej\u00e9rcito de Israel confirm\u00f3 este domingo la muerte de Hader Ali Tawiil, comandante de la compa\u00f1\u00eda Kafr Kila del grupo chi\u00ed Hezbol\u00e1, al que atribuyeron la responsabilidad de disparar \u00abcientos de proyectiles y misiles antitanques contra las comunidades del norte de Israel\u00bb. Ali Tawiil &hellip;<\/p>\n","protected":false},"author":2,"featured_media":10532,"comment_status":"open","ping_status":"open","sticky":false,"template":"","format":"standard","meta":{"_eb_attr":"","_jetpack_memberships_contains_paid_content":false,"footnotes":""},"categories":[28],"tags":[],"class_list":["post-10531","post","type-post","status-publish","format-standard","has-post-thumbnail","hentry","category-mundo"],"jetpack_sharing_enabled":true,"jetpack_featured_media_url":"https:\/\/guayoyo24.com\/website\/wp-content\/uploads\/2024\/10\/Captura-de-pantalla-2024-10-06-103750.png","_links":{"self":[{"href":"https:\/\/guayoyo24.com\/website\/wp-json\/wp\/v2\/posts\/10531","targetHints":{"allow":["GET"]}}],"collection":[{"href":"https:\/\/guayoyo24.com\/website\/wp-json\/wp\/v2\/posts"}],"about":[{"href":"https:\/\/guayoyo24.com\/website\/wp-json\/wp\/v2\/types\/post"}],"author":[{"embeddable":true,"href":"https:\/\/guayoyo24.com\/website\/wp-json\/wp\/v2\/users\/2"}],"replies":[{"embeddable":true,"href":"https:\/\/guayoyo24.com\/website\/wp-json\/wp\/v2\/comments?post=10531"}],"version-history":[{"count":1,"href":"https:\/\/guayoyo24.com\/website\/wp-json\/wp\/v2\/posts\/10531\/revisions"}],"predecessor-version":[{"id":10533,"href":"https:\/\/guayoyo24.com\/website\/wp-json\/wp\/v2\/posts\/10531\/revisions\/10533"}],"wp:featuredmedia":[{"embeddable":true,"href":"https:\/\/guayoyo24.com\/website\/wp-json\/wp\/v2\/media\/10532"}],"wp:attachment":[{"href":"https:\/\/guayoyo24.com\/website\/wp-json\/wp\/v2\/media?parent=10531"}],"wp:term":[{"taxonomy":"category","embeddable":true,"href":"https:\/\/guayoyo24.com\/website\/wp-json\/wp\/v2\/categories?post=10531"},{"taxonomy":"post_tag","embeddable":true,"href":"https:\/\/guayoyo24.com\/website\/wp-json\/wp\/v2\/tags?post=10531"}],"curies":[{"name":"wp","href":"https:\/\/api.w.org\/{rel}","templated":true}]}}