{"id":11258,"date":"2024-10-17T09:44:51","date_gmt":"2024-10-17T13:44:51","guid":{"rendered":"https:\/\/guayoyo24.com\/website\/?p=11258"},"modified":"2024-10-17T09:44:51","modified_gmt":"2024-10-17T13:44:51","slug":"el-supremo-imputa-al-fiscal-general-de-espana-por-difundir-informacion-del-novio-de-ayuso","status":"publish","type":"post","link":"https:\/\/guayoyo24.com\/website\/2024\/10\/17\/el-supremo-imputa-al-fiscal-general-de-espana-por-difundir-informacion-del-novio-de-ayuso\/","title":{"rendered":"El Supremo imputa al fiscal general de Espa\u00f1a por difundir informaci\u00f3n del novio de Ayuso"},"content":{"rendered":"<p style=\"text-align: justify;\"><b>El fiscal general del Estado, \u00c1lvaro Garc\u00eda Ortiz,<\/b>\u00a0ha anunciado que continuar\u00e1 en su cargo tras ser i<b>mputado por el Tribunal Supremo<\/b>\u00a0por un delito de revelaci\u00f3n de secretos ante la difusi\u00f3n de informaci\u00f3n sobre el procedimiento\u00a0<b>por presunto fraude fiscal<\/b>\u00a0de Alberto Gonz\u00e1lez Amador, pareja de Isabel D\u00edaz Ayuso.<\/p>\n<p><b>Garc\u00eda Ortiz seguir\u00e1 al frente de la instituci\u00f3n<\/b>, una vez que la Sala de lo Penal ha abierto una causa penal despu\u00e9s de que Gonz\u00e1lez Amador, investigado por presunto fraude fiscal en un juzgado de Madrid, presentase una demanda en el Tribunal Superior de Justicia por la difusi\u00f3n de datos a medios de comunicaci\u00f3n sobre su procedimiento, cuya responsabilidad asumi\u00f3 el fiscal general.<\/p>\n<blockquote><p>\u201cEn el convencimiento de que la continuidad en el cargo es lo menos gravoso y m\u00e1s prudente para la instituci\u00f3n a medio y largo plazo, y de que en puridad refuerza la independencia de la Fiscal\u00eda espa\u00f1ola, anuncio mi intenci\u00f3n de seguir ejerciendo mis responsabilidades como Fiscal General del Estado\u201d, ha dicho Garc\u00eda Ortiz en un comunicado.<\/p><\/blockquote>\n<p style=\"text-align: justify;\">\nPese a se<b>r \u201cconsciente de la repercusi\u00f3n p\u00fablica de la noticia\u201d\u00a0<\/b>y admitir que esto afectar\u00e1 a los fiscales de nuestro pa\u00eds, defiende que es \u201cla ponderaci\u00f3n de estas circunstancias\u201d lo que le persuade para seguir ejerciendo plenamente sus atribuciones legales, \u201ccon pleno respeto a la Ley y al Estado de derecho\u201d.<\/p>\n<div style=\"text-align: justify;\"><\/div>\n<div style=\"text-align: justify;\"><b>Convocados la Junta de Fiscales de Sala y el Consejo Fiscal<\/b><br \/>\nDe esta forma, ha convocado para ma\u00f1ana a las 09.30 horas a la Junta de Fiscales de Sala y a las 16.00 horas al Consejo Fiscal \u201ca fin de hacerles part\u00edcipes de esta decisi\u00f3n, proporcionar las explicaciones oportunas y escuchar cuanto tengan a bien manifestar los integrantes de ambos \u00f3rganos\u201d.<\/p>\n<p><b>Garc\u00eda Ortiz explica que la apertura de un procedimiento por el Supremo \u201cimpone la m\u00e1xima prudencia\u201d\u00a0<\/b>en su pronunciamiento como fiscal general \u201ca fin de evitar que puedan interpretarse como una interferencia o una influencia a los magistrados\u201d.<\/p>\n<p>Sin embargo, destaca que \u201cla atribuci\u00f3n de la condici\u00f3n de investigado al fiscal general es in\u00e9dita en nuestro pa\u00eds y obliga a realizar una profunda reflexi\u00f3n, sobre los hechos que la motivan, las circunstancias que la rodean y las consecuencias que puede generar\u201d en la futura actuaci\u00f3n del Ministerio Fiscal y en la Justicia espa\u00f1ola.<\/p>\n<p>En su opini\u00f3n, descarta que se trate de un asunto particular, si no que\u00a0<b>se encuadra en el \u00e1mbito de las competencias que la Constituci\u00f3n y la Ley que regula el Estatuto Org\u00e1nico del Ministerio Fiscal encomienda<\/b>\u00a0a este \u00f3rgano de relevancia constitucional.<\/div>\n<div style=\"text-align: justify;\"><\/div>\n<div style=\"text-align: justify;\"><b>Su \u201cderecho de defensa\u201d<\/b><br \/>\nRecuerda que la ley atribuye a la Fiscal\u00eda la funci\u00f3n de informar de los asuntos relevantes de que conozca para garantizar el derecho de la ciudadan\u00eda a recibir informaci\u00f3n veraz, \u201cm\u00e1s a\u00fan en un caso como este en el que con bulos o falsedades se compromet\u00eda la imagen de la instituci\u00f3n y de varios de sus integrantes\u201d.<\/p>\n<p>Lejos de dimitir,<b>\u00a0subraya que su condici\u00f3n de investigado le \u201cpermitir\u00e1 que pueda ejercitar plenamente\u201d su \u201cderecho de defensa\u201d<\/b>, toda vez que \u201cla investigaci\u00f3n judicial se ha desarrollado hasta la fecha sin que haya podido hacerlo\u201d.<\/p>\n<p><b>Investigada tambi\u00e9n la fiscal jefa provincial de Madrid<\/b><\/div>\n<div style=\"text-align: justify;\">El Supremo tambi\u00e9n ha declarado su competencia para investigar a la fiscal jefa provincial de Madrid, Pilar Rodr\u00edguez Fern\u00e1ndez, que supuestamente envi\u00f3 al fiscal general del Estado datos para la elaboraci\u00f3n de la citada nota.<\/p>\n<p>Aunque no tiene la condici\u00f3n de aforada, el auto explica que ambos comportamientos -el del fiscal general y el de ella- guardan una conexi\u00f3n inescindible que impide la incoaci\u00f3n de causas separadas.<\/p>\n<p><b>La demanda de Gonz\u00e1lez Amador<\/b><br \/>\nEl empresario\u00a0<b>Gonz\u00e1lez Amador, investigado por presunto fraude fiscal en un juzgado de Madrid, present\u00f3 una demanda en el Tribunal Superior de Justicia de Madrid (TSJM) contra dos fiscales\u00a0<\/b>por la difusi\u00f3n de datos a medios de comunicaci\u00f3n sobre su procedimiento.<\/p>\n<p>Tras investigarlo y asumir Garc\u00eda Ortiz su responsabilidad, el TSJM envi\u00f3 la causa al Supremo por si hab\u00eda indicios contra \u00e9l y ahora, en contra del criterio de la n\u00famero 2 del Ministerio P\u00fablico, acuerda la apertura de una investigaci\u00f3n penal contra el fiscal general, seg\u00fan consta en un auto al que ha tenido acceso.<\/p><\/div>\n<div style=\"text-align: justify;\"><\/div>\n<div style=\"text-align: justify;\"><b>Fuente:\u00a0<\/b>EFE<\/div>\n","protected":false},"excerpt":{"rendered":"<p>El fiscal general del Estado, \u00c1lvaro Garc\u00eda Ortiz,\u00a0ha anunciado que continuar\u00e1 en su cargo tras ser imputado por el Tribunal Supremo\u00a0por un delito de revelaci\u00f3n de secretos ante la difusi\u00f3n de informaci\u00f3n sobre el procedimiento\u00a0por presunto fraude fiscal\u00a0de Alberto Gonz\u00e1lez Amador, pareja de Isabel D\u00edaz Ayuso. Garc\u00eda Ortiz seguir\u00e1 al frente de la instituci\u00f3n, una &hellip;<\/p>\n","protected":false},"author":2,"featured_media":11259,"comment_status":"open","ping_status":"open","sticky":false,"template":"","format":"standard","meta":{"_eb_attr":"","_jetpack_memberships_contains_paid_content":false,"footnotes":""},"categories":[28],"tags":[],"class_list":["post-11258","post","type-post","status-publish","format-standard","has-post-thumbnail","hentry","category-mundo"],"jetpack_sharing_enabled":true,"jetpack_featured_media_url":"https:\/\/guayoyo24.com\/website\/wp-content\/uploads\/2024\/10\/Captura-de-pantalla-2024-10-17-094344.png","_links":{"self":[{"href":"https:\/\/guayoyo24.com\/website\/wp-json\/wp\/v2\/posts\/11258","targetHints":{"allow":["GET"]}}],"collection":[{"href":"https:\/\/guayoyo24.com\/website\/wp-json\/wp\/v2\/posts"}],"about":[{"href":"https:\/\/guayoyo24.com\/website\/wp-json\/wp\/v2\/types\/post"}],"author":[{"embeddable":true,"href":"https:\/\/guayoyo24.com\/website\/wp-json\/wp\/v2\/users\/2"}],"replies":[{"embeddable":true,"href":"https:\/\/guayoyo24.com\/website\/wp-json\/wp\/v2\/comments?post=11258"}],"version-history":[{"count":1,"href":"https:\/\/guayoyo24.com\/website\/wp-json\/wp\/v2\/posts\/11258\/revisions"}],"predecessor-version":[{"id":11260,"href":"https:\/\/guayoyo24.com\/website\/wp-json\/wp\/v2\/posts\/11258\/revisions\/11260"}],"wp:featuredmedia":[{"embeddable":true,"href":"https:\/\/guayoyo24.com\/website\/wp-json\/wp\/v2\/media\/11259"}],"wp:attachment":[{"href":"https:\/\/guayoyo24.com\/website\/wp-json\/wp\/v2\/media?parent=11258"}],"wp:term":[{"taxonomy":"category","embeddable":true,"href":"https:\/\/guayoyo24.com\/website\/wp-json\/wp\/v2\/categories?post=11258"},{"taxonomy":"post_tag","embeddable":true,"href":"https:\/\/guayoyo24.com\/website\/wp-json\/wp\/v2\/tags?post=11258"}],"curies":[{"name":"wp","href":"https:\/\/api.w.org\/{rel}","templated":true}]}}