{"id":11562,"date":"2024-10-22T07:43:57","date_gmt":"2024-10-22T11:43:57","guid":{"rendered":"https:\/\/guayoyo24.com\/website\/?p=11562"},"modified":"2024-10-22T11:40:48","modified_gmt":"2024-10-22T15:40:48","slug":"israel-denuncio-que-terroristas-de-hezbollah-y-grupos-radicales-iranies-tienen-bases-en-bolivia-nicaragua-y-venezuela","status":"publish","type":"post","link":"https:\/\/guayoyo24.com\/website\/2024\/10\/22\/israel-denuncio-que-terroristas-de-hezbollah-y-grupos-radicales-iranies-tienen-bases-en-bolivia-nicaragua-y-venezuela\/","title":{"rendered":"Israel denunci\u00f3 que terroristas de Hezbollah y grupos radicales iran\u00edes tienen bases en Bolivia, Nicaragua y Venezuela"},"content":{"rendered":"<p class=\"paragraph\" data-mrf-recirculation=\"Links inline\">El grupo chi\u00ed liban\u00e9s\u00a0<b>Hezbollah<\/b>\u00a0y grupos radicales\u00a0<b>iran\u00edes<\/b>\u00a0tienen \u201cbases\u201d en\u00a0<b>Bolivia<\/b>,\u00a0<b>Nicaragua<\/b>\u00a0y\u00a0<b>Venezuela<\/b>, asegur\u00f3 este lunes la embajadora de\u00a0<b>Israel<\/b>\u00a0en\u00a0<b>Costa Rica<\/b>, que era concurrente para\u00a0<b>Managua<\/b>,\u00a0<b>Mijal Gur Aryeh<\/b>.<\/p>\n<p class=\"paragraph\" data-mrf-recirculation=\"Links inline\">\u201cPuedo decir que hay tambi\u00e9n otros pa\u00edses en la regi\u00f3n que tienen bases de\u00a0<b>Ir\u00e1n<\/b>\u00a0e\u00a0<b>Hezbollah<\/b>, y particular\u00a0<b>Venezuela<\/b>\u00a0y\u00a0<b>Bolivia<\/b>\u201d, dijo la diplom\u00e1tica israel\u00ed en una conferencia de prensa virtual desde\u00a0<b>San Jos\u00e9<\/b>\u00a0con medios nicarag\u00fcenses que trabajan desde el exilio.<\/p>\n<div class=\"inline ad-wrapper\">\n<div class=\"dfpAd ad-inline\"><\/div>\n<\/div>\n<p class=\"paragraph\" data-mrf-recirculation=\"Links inline\">La embajadora detall\u00f3 que\u00a0<b>los servicios de Inteligencia israel\u00edes han ayudado \u201ca muchos pa\u00edses de Am\u00e9rica Latina a interceptar grupos terroristas,\u201d<\/b>\u00a0y puso como ejemplo, que solo en el \u00faltimo a\u00f1o, ayudaron a interceptar algunos de estos grupos en\u00a0<b>Brasil<\/b>,\u00a0<b>Argentina<\/b>,\u00a0<b>Per\u00fa<\/b>,\u00a0<b>Colombia<\/b>,\u00a0<b>M\u00e9xico<\/b>.<\/p>\n<p class=\"paragraph\" data-mrf-recirculation=\"Links inline\">\u201cSeguimos la situaci\u00f3n y cuando vemos que hay oportunidad para parar estos terroristas, cooperamos con los Gobiernos en el continente\u201d americano, explic\u00f3.<\/p>\n<p class=\"paragraph\" data-mrf-recirculation=\"Links inline\">Consultada sobre si mantienen cooperaci\u00f3n con\u00a0<b>EEUU<\/b>\u00a0en Am\u00e9rica Latina, la diplom\u00e1tica dijo que s\u00ed, \u201ces muy, muy estrecha&#8230; Compartimos informaci\u00f3n\u201d,\u00a0<b>aunque agreg\u00f3 que \u201cno puedo decir m\u00e1s que eso en los medios.\u201d<\/b><\/p>\n<p class=\"paragraph\" data-mrf-recirculation=\"Links inline\">Aclar\u00f3 que, por la misma naturaleza de la inteligencia, tampoco puede compartir detalles muy espec\u00edficos sobre c\u00f3mo opera el grupo armado\u00a0<b>Hezbollah<\/b>\u00a0y los iran\u00edes radicales en Latinoam\u00e9rica.<\/p>\n<p class=\"paragraph\" data-mrf-recirculation=\"Links inline\">\u201cPuedo solo decir, por ejemplo, que en los ataques terroristas en\u00a0<b>Argentina<\/b>, sabemos claramente que fueron manejados dentro de la embajada\u00a0<b>iran\u00ed<\/b>\u00a0en\u00a0<b>Buenos Aires<\/b>\u201d, anot\u00f3, en referencia al atentado contra la\u00a0<b>Asociaci\u00f3n Mutual Israelita Argentina (AMIA)<\/b>\u00a0de\u00a0<b>Buenos Aires<\/b>\u00a0en 1994.<\/p>\n<p class=\"paragraph\" data-mrf-recirculation=\"Links inline\">\u201cTenemos esta informaci\u00f3n sobre ataques en el pasado y puedo solo decir que seguimos tambi\u00e9n ahora la situaci\u00f3n\u201d, dijo.<\/p>\n<p class=\"paragraph\" data-mrf-recirculation=\"Links inline\">De igual forma, la embajadora asegur\u00f3 que existe \u201cen todo el mundo\u201d una cooperaci\u00f3n \u201cdesafortunadamente muy estrecha entre organizaciones terroristas con el crimen organizado.\u201d<\/p>\n<p class=\"paragraph\" data-mrf-recirculation=\"Links inline\"><b>\u201cEllos cooperan muy fluidamente. De hecho, no se sabe generalmente cuando termina el crimen organizado y cuando empieza el terrorismo,<\/b>\u00a0porque muchos de estos grupos terroristas est\u00e1n muy, muy involucrados en el crimen organizado\u201d, apunt\u00f3.<\/p>\n<p class=\"paragraph\" data-mrf-recirculation=\"Links inline\">Cit\u00f3 como ejemplo a\u00a0<b>Hezbollah<\/b>, como uno de los grupos m\u00e1s grandes traficantes de drogas en\u00a0<b>Siria<\/b>\u00a0y en todo\u00a0<b>Oriente Medio<\/b>.<\/p>\n<p class=\"paragraph\" data-mrf-recirculation=\"Links inline\">Por tanto, dijo que\u00a0<b>Israel ha invitado a los pa\u00edses democr\u00e1ticos \u201cque quieren conservar su estado de Derecho y su libertad\u201d<\/b>\u00a0a estrechar sus relaciones y cooperaci\u00f3n para hacer frente a esos desaf\u00edos, como el terrorismo y el crimen organizado.<\/p>\n<p class=\"paragraph\" data-mrf-recirculation=\"Links inline\">Asegur\u00f3 que\u00a0<b>Israel<\/b>\u00a0est\u00e1 luchando contra el terrorismo de\u00a0<b>Hamas<\/b>, de\u00a0<b>Hezbollah<\/b>\u00a0y el de\u00a0<b>Ir\u00e1n<\/b>, pa\u00eds al que identific\u00f3 como el l\u00edder de ese eje \u201cque tiene como objetivo la violencia, el odio y el terrorismo, en particular en el\u00a0<b>Medio Oriente<\/b>.\u201d<\/p>\n<p class=\"paragraph\" data-mrf-recirculation=\"Links inline\">Advirti\u00f3 que en\u00a0<b>Nicaragua<\/b>, el r\u00e9gimen de\u00a0<b>Daniel Ortega<\/b>\u00a0\u201celigi\u00f3 a\u00a0<b>Ir\u00e1n<\/b>\u00a0como aliado\u201d a pesar, de que \u201c<b>Ir\u00e1n es el mayor promotor del terrorismo en el mundo.\u201d<\/b><\/p>\n<p class=\"paragraph\" data-mrf-recirculation=\"Links inline\">La diplom\u00e1tica dijo que\u00a0<b>Israel ha lanzado una advertencia a los israel\u00edes que residen en Nicaragua por ese motivo.<\/b><\/p>\n<p class=\"paragraph\" data-mrf-recirculation=\"Links inline\"><i>(Con informaci\u00f3n de EFE)<\/i><\/p>\n","protected":false},"excerpt":{"rendered":"<p>El grupo chi\u00ed liban\u00e9s\u00a0Hezbollah\u00a0y grupos radicales\u00a0iran\u00edes\u00a0tienen \u201cbases\u201d en\u00a0Bolivia,\u00a0Nicaragua\u00a0y\u00a0Venezuela, asegur\u00f3 este lunes la embajadora de\u00a0Israel\u00a0en\u00a0Costa Rica, que era concurrente para\u00a0Managua,\u00a0Mijal Gur Aryeh. \u201cPuedo decir que hay tambi\u00e9n otros pa\u00edses en la regi\u00f3n que tienen bases de\u00a0Ir\u00e1n\u00a0e\u00a0Hezbollah, y particular\u00a0Venezuela\u00a0y\u00a0Bolivia\u201d, dijo la diplom\u00e1tica israel\u00ed en una conferencia de prensa virtual desde\u00a0San Jos\u00e9\u00a0con medios nicarag\u00fcenses que trabajan desde el &hellip;<\/p>\n","protected":false},"author":2,"featured_media":11563,"comment_status":"open","ping_status":"open","sticky":false,"template":"","format":"standard","meta":{"_eb_attr":"","_jetpack_memberships_contains_paid_content":false,"footnotes":""},"categories":[28],"tags":[],"class_list":["post-11562","post","type-post","status-publish","format-standard","has-post-thumbnail","hentry","category-mundo"],"jetpack_sharing_enabled":true,"jetpack_featured_media_url":"https:\/\/guayoyo24.com\/website\/wp-content\/uploads\/2024\/10\/Captura-de-pantalla-2024-10-22-074328.png","_links":{"self":[{"href":"https:\/\/guayoyo24.com\/website\/wp-json\/wp\/v2\/posts\/11562","targetHints":{"allow":["GET"]}}],"collection":[{"href":"https:\/\/guayoyo24.com\/website\/wp-json\/wp\/v2\/posts"}],"about":[{"href":"https:\/\/guayoyo24.com\/website\/wp-json\/wp\/v2\/types\/post"}],"author":[{"embeddable":true,"href":"https:\/\/guayoyo24.com\/website\/wp-json\/wp\/v2\/users\/2"}],"replies":[{"embeddable":true,"href":"https:\/\/guayoyo24.com\/website\/wp-json\/wp\/v2\/comments?post=11562"}],"version-history":[{"count":1,"href":"https:\/\/guayoyo24.com\/website\/wp-json\/wp\/v2\/posts\/11562\/revisions"}],"predecessor-version":[{"id":11564,"href":"https:\/\/guayoyo24.com\/website\/wp-json\/wp\/v2\/posts\/11562\/revisions\/11564"}],"wp:featuredmedia":[{"embeddable":true,"href":"https:\/\/guayoyo24.com\/website\/wp-json\/wp\/v2\/media\/11563"}],"wp:attachment":[{"href":"https:\/\/guayoyo24.com\/website\/wp-json\/wp\/v2\/media?parent=11562"}],"wp:term":[{"taxonomy":"category","embeddable":true,"href":"https:\/\/guayoyo24.com\/website\/wp-json\/wp\/v2\/categories?post=11562"},{"taxonomy":"post_tag","embeddable":true,"href":"https:\/\/guayoyo24.com\/website\/wp-json\/wp\/v2\/tags?post=11562"}],"curies":[{"name":"wp","href":"https:\/\/api.w.org\/{rel}","templated":true}]}}