{"id":11786,"date":"2024-10-26T18:44:53","date_gmt":"2024-10-26T22:44:53","guid":{"rendered":"https:\/\/guayoyo24.com\/website\/?p=11786"},"modified":"2024-10-27T10:30:26","modified_gmt":"2024-10-27T14:30:26","slug":"inicio-fiesta-de-la-luz-en-canelones-de-turen","status":"publish","type":"post","link":"https:\/\/guayoyo24.com\/website\/2024\/10\/26\/inicio-fiesta-de-la-luz-en-canelones-de-turen\/","title":{"rendered":"Inici\u00f3 Fiesta de la Luz en Canelones de Tur\u00e9n"},"content":{"rendered":"<p><a href=\"https:\/\/www.instagram.com\/guayoyo24ve\/\" target=\"_blank\" rel=\"noopener\"><strong>REDACCI\u00d3N GUAYOYO<\/strong><\/a><br \/>\nredaccionguayoyo24@gmail.com<\/p>\n<p style=\"text-align: justify;\">Para el beneficio de m\u00e1s de 21 comunidades de la parroquia Canelones en el municipio Tur\u00e9n, inici\u00f3 el plan estadal Fiesta de la Luz.<\/p>\n<p style=\"text-align: justify;\">As\u00ed lo inform\u00f3 el alcalde Onofrio Cavallo, quien dijo que es un trabajo en equipo con el Presidente Nicol\u00e1s Maduro y el gobernador Primitivo Cede\u00f1o, como lo han establecido en el plan de acci\u00f3n inmediato.<\/p>\n<p style=\"text-align: justify;\">Cavallo dijo que iniciaron por la parroquia Canelones e ir\u00e1n a las dem\u00e1s, para as\u00ed cubrir todo Tur\u00e9n, \u201cjuntos seguiremos trabajando para que nuestro municipio siga brillando con fuerza\u201d.<\/p>\n<p><img fetchpriority=\"high\" decoding=\"async\" class=\"alignnone wp-image-11788 size-full\" src=\"https:\/\/guayoyo24.com\/website\/wp-content\/uploads\/2024\/10\/WhatsApp-Image-2024-10-26-at-6.13.23-PM-2.jpeg\" alt=\"\" width=\"828\" height=\"621\" srcset=\"https:\/\/guayoyo24.com\/website\/wp-content\/uploads\/2024\/10\/WhatsApp-Image-2024-10-26-at-6.13.23-PM-2.jpeg 828w, https:\/\/guayoyo24.com\/website\/wp-content\/uploads\/2024\/10\/WhatsApp-Image-2024-10-26-at-6.13.23-PM-2-300x225.jpeg 300w, https:\/\/guayoyo24.com\/website\/wp-content\/uploads\/2024\/10\/WhatsApp-Image-2024-10-26-at-6.13.23-PM-2-768x576.jpeg 768w\" sizes=\"(max-width: 828px) 100vw, 828px\" \/><\/p>\n<p><img decoding=\"async\" class=\"alignnone wp-image-11790 size-full\" src=\"https:\/\/guayoyo24.com\/website\/wp-content\/uploads\/2024\/10\/WhatsApp-Image-2024-10-26-at-6.13.24-PM.jpeg\" alt=\"\" width=\"828\" height=\"621\" srcset=\"https:\/\/guayoyo24.com\/website\/wp-content\/uploads\/2024\/10\/WhatsApp-Image-2024-10-26-at-6.13.24-PM.jpeg 828w, https:\/\/guayoyo24.com\/website\/wp-content\/uploads\/2024\/10\/WhatsApp-Image-2024-10-26-at-6.13.24-PM-300x225.jpeg 300w, https:\/\/guayoyo24.com\/website\/wp-content\/uploads\/2024\/10\/WhatsApp-Image-2024-10-26-at-6.13.24-PM-768x576.jpeg 768w\" sizes=\"(max-width: 828px) 100vw, 828px\" \/><\/p>\n<p><img decoding=\"async\" class=\"alignnone wp-image-11789 size-full\" src=\"https:\/\/guayoyo24.com\/website\/wp-content\/uploads\/2024\/10\/WhatsApp-Image-2024-10-26-at-6.13.23-PM.jpeg\" alt=\"\" width=\"828\" height=\"621\" srcset=\"https:\/\/guayoyo24.com\/website\/wp-content\/uploads\/2024\/10\/WhatsApp-Image-2024-10-26-at-6.13.23-PM.jpeg 828w, https:\/\/guayoyo24.com\/website\/wp-content\/uploads\/2024\/10\/WhatsApp-Image-2024-10-26-at-6.13.23-PM-300x225.jpeg 300w, https:\/\/guayoyo24.com\/website\/wp-content\/uploads\/2024\/10\/WhatsApp-Image-2024-10-26-at-6.13.23-PM-768x576.jpeg 768w\" sizes=\"(max-width: 828px) 100vw, 828px\" \/><\/p>\n","protected":false},"excerpt":{"rendered":"<p>REDACCI\u00d3N GUAYOYO redaccionguayoyo24@gmail.com Para el beneficio de m\u00e1s de 21 comunidades de la parroquia Canelones en el municipio Tur\u00e9n, inici\u00f3 el plan estadal Fiesta de la Luz. As\u00ed lo inform\u00f3 el alcalde Onofrio Cavallo, quien dijo que es un trabajo en equipo con el Presidente Nicol\u00e1s Maduro y el gobernador Primitivo Cede\u00f1o, como lo han &hellip;<\/p>\n","protected":false},"author":2,"featured_media":11787,"comment_status":"open","ping_status":"open","sticky":false,"template":"","format":"standard","meta":{"_eb_attr":"","_jetpack_memberships_contains_paid_content":false,"footnotes":""},"categories":[25],"tags":[],"class_list":["post-11786","post","type-post","status-publish","format-standard","has-post-thumbnail","hentry","category-region"],"jetpack_sharing_enabled":true,"jetpack_featured_media_url":"https:\/\/guayoyo24.com\/website\/wp-content\/uploads\/2024\/10\/WhatsApp-Image-2024-10-26-at-6.13.23-PM-1.jpeg","_links":{"self":[{"href":"https:\/\/guayoyo24.com\/website\/wp-json\/wp\/v2\/posts\/11786","targetHints":{"allow":["GET"]}}],"collection":[{"href":"https:\/\/guayoyo24.com\/website\/wp-json\/wp\/v2\/posts"}],"about":[{"href":"https:\/\/guayoyo24.com\/website\/wp-json\/wp\/v2\/types\/post"}],"author":[{"embeddable":true,"href":"https:\/\/guayoyo24.com\/website\/wp-json\/wp\/v2\/users\/2"}],"replies":[{"embeddable":true,"href":"https:\/\/guayoyo24.com\/website\/wp-json\/wp\/v2\/comments?post=11786"}],"version-history":[{"count":1,"href":"https:\/\/guayoyo24.com\/website\/wp-json\/wp\/v2\/posts\/11786\/revisions"}],"predecessor-version":[{"id":11791,"href":"https:\/\/guayoyo24.com\/website\/wp-json\/wp\/v2\/posts\/11786\/revisions\/11791"}],"wp:featuredmedia":[{"embeddable":true,"href":"https:\/\/guayoyo24.com\/website\/wp-json\/wp\/v2\/media\/11787"}],"wp:attachment":[{"href":"https:\/\/guayoyo24.com\/website\/wp-json\/wp\/v2\/media?parent=11786"}],"wp:term":[{"taxonomy":"category","embeddable":true,"href":"https:\/\/guayoyo24.com\/website\/wp-json\/wp\/v2\/categories?post=11786"},{"taxonomy":"post_tag","embeddable":true,"href":"https:\/\/guayoyo24.com\/website\/wp-json\/wp\/v2\/tags?post=11786"}],"curies":[{"name":"wp","href":"https:\/\/api.w.org\/{rel}","templated":true}]}}