{"id":11793,"date":"2024-10-26T19:03:22","date_gmt":"2024-10-26T23:03:22","guid":{"rendered":"https:\/\/guayoyo24.com\/website\/?p=11793"},"modified":"2024-10-27T10:30:18","modified_gmt":"2024-10-27T14:30:18","slug":"diocesis-de-acarigua-araure-realiza-nombramientos-eclesiasticos","status":"publish","type":"post","link":"https:\/\/guayoyo24.com\/website\/2024\/10\/26\/diocesis-de-acarigua-araure-realiza-nombramientos-eclesiasticos\/","title":{"rendered":"Di\u00f3cesis de Acarigua-Araure realiza nombramientos eclesi\u00e1sticos"},"content":{"rendered":"<p><strong>Especial<\/strong><\/p>\n<p style=\"text-align: justify;\">A trav\u00e9s de la red social Instagram, la Di\u00f3cesis de Acarigua-Araure, anunci\u00f3 los nombramientos eclesi\u00e1sticos que hizo el Excmo. Mons. Gerardo Salas Arjona, en la memoria del Beato Jos\u00e9 Gregorio Hern\u00e1ndez.<\/p>\n<p style=\"text-align: justify;\">En el mismo indica que \u201cInvitamos a todos a Orar por los buenos frutos pastorales de estos nuevos servicios encomendados\u201d.<\/p>\n<p style=\"text-align: justify;\">En ese sentido, los anuncios son los siguientes:<br \/>\nPbro. Jes\u00fas A. Palacios &#8211; Capell\u00e1n de la Asociaci\u00f3n Damas Salesianas<\/p>\n<p style=\"text-align: justify;\">Pbro. Jes\u00fas Rafael Rivas &#8211; P\u00e1rroco de la parroquia San Rafael de P\u00edritu<\/p>\n<p style=\"text-align: justify;\">Pbro. Leonel Ram\u00edrez &#8211; P\u00e1rroco de la parroquia Santa Rosal\u00eda de Palermo \/ Admon parroquial de San Isidro Labrador de Tur\u00e9n<\/p>\n<p style=\"text-align: justify;\">Pbro. Marcos Ram\u00edrez &#8211; Admon parroquial de Nuestra Se\u00f1ora del Rosario en San Antonio, La Misi\u00f3n<\/p>\n<p style=\"text-align: justify;\">Pbro. Oscar Mogoll\u00f3n &#8211; Admon parroquial de San Mart\u00edn de Porres<\/p>\n<p style=\"text-align: justify;\">Pbro. Rober Montilla &#8211; P\u00e1rroco de la parroquia Santa Elena<\/p>\n<p style=\"text-align: justify;\">Pbro. Antonio Viera &#8211; P\u00e1rroco de la parroquia San Francisco Javier<\/p>\n<p style=\"text-align: justify;\">Pbro. Edgar Camargo &#8211; P\u00e1rroco de la parroquia Nuestra Se\u00f1ora del Carmen y capilla filial beata Mar\u00eda de San Jos\u00e9<\/p>\n<p style=\"text-align: justify;\">Pbro. Alexis La Cruz &#8211; P\u00e1rroco de la parroquia Nuestra Se\u00f1ora de la Milagrosa<\/p>\n<p style=\"text-align: justify;\">Pbro. Duglas Ram\u00edrez &#8211; P\u00e1rroco de la parroquia Nuestra Se\u00f1ora de Coronoto \/ Admon parroquial de Nuestra Se\u00f1ora de La Paz<\/p>\n<p style=\"text-align: justify;\">Pbro. Jos\u00e9 A. Rodr\u00edguez &#8211; P\u00e1rroco de la parroquia Nuestra Se\u00f1ora del Perpetuo Socorro<\/p>\n<p style=\"text-align: justify;\">Pbro. Wilfredo Le\u00f3n &#8211; P\u00e1rroco de la parroquia Sagrada Familia<\/p>\n<p style=\"text-align: justify;\">Pbro. Eladio Rivero &#8211; Admon parroquial San Roque<\/p>\n<p style=\"text-align: justify;\">Pbro. Rafael L\u00e1rez &#8211; P\u00e1rroco de la parroquia San Miguel Arc\u00e1ngel<\/p>\n<p style=\"text-align: justify;\">Pbro. Alexander Uzc\u00e1tegui &#8211; P\u00e1rroco de la parroquia Sagrario Catedral Nuestra Se\u00f1ora de La Corteza<\/p>\n<p style=\"text-align: justify;\">Pbro. Luis Rangel &#8211; P\u00e1rroco de la parroquia Esp\u00edritu Santo<\/p>\n<p style=\"text-align: justify;\">Pbro. Jos\u00e9 Rosales &#8211; P\u00e1rroco de la parroquia San Rafael de Onoto \/ Admon parroquial Santa B\u00e1rbara<\/p>\n<p style=\"text-align: justify;\">Pbro. Algimiro Gonz\u00e1lez &#8211; P\u00e1rroco de la parroquia San Jos\u00e9 de R\u00edo Acarigua<\/p>\n<p style=\"text-align: justify;\">Pbro. Alberto Hortelano &#8211; P\u00e1rroco de la parroquia San Pablo \/ capellan\u00eda San Giuseppe<\/p>\n<p style=\"text-align: justify;\">Pbro. Pedro Loyo &#8211; P\u00e1rroco &#8211; Rector del Santuario Eucar\u00edstico Nuestra Se\u00f1ora de F\u00e1tima<\/p>\n<p style=\"text-align: justify;\">Pbro. Julio S\u00e1nchez &#8211; P\u00e1rroco de la parroquia Sant\u00edsima Trinidad<\/p>\n<p style=\"text-align: justify;\">Pbro. Mart\u00edn Garc\u00eda &#8211; P\u00e1rroco de la parroquia Sagrado Coraz\u00f3n de Jes\u00fas<\/p>\n<p style=\"text-align: justify;\">Pbro. Orlando Liscano &#8211; P\u00e1rroco &#8211; Rector del Santuario Nuestra Se\u00f1ora del Pilar<\/p>\n","protected":false},"excerpt":{"rendered":"<p>Especial A trav\u00e9s de la red social Instagram, la Di\u00f3cesis de Acarigua-Araure, anunci\u00f3 los nombramientos eclesi\u00e1sticos que hizo el Excmo. Mons. Gerardo Salas Arjona, en la memoria del Beato Jos\u00e9 Gregorio Hern\u00e1ndez. En el mismo indica que \u201cInvitamos a todos a Orar por los buenos frutos pastorales de estos nuevos servicios encomendados\u201d. En ese sentido, &hellip;<\/p>\n","protected":false},"author":2,"featured_media":11794,"comment_status":"open","ping_status":"open","sticky":false,"template":"","format":"standard","meta":{"_eb_attr":"","_jetpack_memberships_contains_paid_content":false,"footnotes":""},"categories":[25],"tags":[],"class_list":["post-11793","post","type-post","status-publish","format-standard","has-post-thumbnail","hentry","category-region"],"jetpack_sharing_enabled":true,"jetpack_featured_media_url":"https:\/\/guayoyo24.com\/website\/wp-content\/uploads\/2024\/10\/WhatsApp-Image-2024-10-26-at-6.53.02-PM.jpeg","_links":{"self":[{"href":"https:\/\/guayoyo24.com\/website\/wp-json\/wp\/v2\/posts\/11793","targetHints":{"allow":["GET"]}}],"collection":[{"href":"https:\/\/guayoyo24.com\/website\/wp-json\/wp\/v2\/posts"}],"about":[{"href":"https:\/\/guayoyo24.com\/website\/wp-json\/wp\/v2\/types\/post"}],"author":[{"embeddable":true,"href":"https:\/\/guayoyo24.com\/website\/wp-json\/wp\/v2\/users\/2"}],"replies":[{"embeddable":true,"href":"https:\/\/guayoyo24.com\/website\/wp-json\/wp\/v2\/comments?post=11793"}],"version-history":[{"count":1,"href":"https:\/\/guayoyo24.com\/website\/wp-json\/wp\/v2\/posts\/11793\/revisions"}],"predecessor-version":[{"id":11795,"href":"https:\/\/guayoyo24.com\/website\/wp-json\/wp\/v2\/posts\/11793\/revisions\/11795"}],"wp:featuredmedia":[{"embeddable":true,"href":"https:\/\/guayoyo24.com\/website\/wp-json\/wp\/v2\/media\/11794"}],"wp:attachment":[{"href":"https:\/\/guayoyo24.com\/website\/wp-json\/wp\/v2\/media?parent=11793"}],"wp:term":[{"taxonomy":"category","embeddable":true,"href":"https:\/\/guayoyo24.com\/website\/wp-json\/wp\/v2\/categories?post=11793"},{"taxonomy":"post_tag","embeddable":true,"href":"https:\/\/guayoyo24.com\/website\/wp-json\/wp\/v2\/tags?post=11793"}],"curies":[{"name":"wp","href":"https:\/\/api.w.org\/{rel}","templated":true}]}}