{"id":1332,"date":"2024-04-09T14:47:57","date_gmt":"2024-04-09T14:47:57","guid":{"rendered":"https:\/\/guayoyo24.com\/website\/?p=1332"},"modified":"2024-04-10T01:42:58","modified_gmt":"2024-04-10T01:42:58","slug":"1332","status":"publish","type":"post","link":"https:\/\/guayoyo24.com\/website\/2024\/04\/09\/1332\/","title":{"rendered":"Lista programaci\u00f3n de la Semana del Caficultor en municipio Sucre"},"content":{"rendered":"<p style=\"text-align: justify;\"><strong>Prensa, Alcald\u00eda de Sucre.-<\/strong><\/p>\n<p>Bajo los auspicios de la Alcald\u00eda y la C\u00e1mara de Comercio del Municipio Sucre, se est\u00e1n organizando las actividades de la Semana del Caficultor, comenzando el lunes 15 de abril y cerrando el mi\u00e9rcoles 24, con la celebraci\u00f3n de la Expoferia 2024.<\/p>\n<p>Los actos de la semana en homenaje al s\u00edmbolo agropecuario y econ\u00f3mico de la parte alta del estado Portuguesa, que es el productor de caf\u00e9, comenzar\u00e1n en San Jos\u00e9 de La Monta\u00f1a, proseguir\u00e1n en Villa Rosa, Las Cruces, San Jos\u00e9 de Saguaz, La Concepci\u00f3n, San Rafael de Palo Alzado y en el caser\u00edo Linares donde se concentrar\u00e1n los hombres y mujeres del campo de la parroquia capital, que trabajan con el llamado oro negro, seg\u00fan informa el Alcalde J\u00f3bito Villegas.<\/p>\n<p>Adem\u00e1s de los reconocimientos y los festejos correspondientes en cada parroquia se rifar\u00e1 una moto cero kil\u00f3metros, y el d\u00eda central del productor de caf\u00e9, el mi\u00e9rcoles 24, adem\u00e1s de rifarse un Toyota Machito, se cumplir\u00e1 la programaci\u00f3n especial de esa jornada, que tiene como punto central, la inauguraci\u00f3n de la tercera edici\u00f3n de Expoferia del Caficultor y que concluir\u00e1 con un concierto musical de La Makina, Los Hijos y Los Originales de Venezuela.<\/p>\n","protected":false},"excerpt":{"rendered":"<p>Prensa, Alcald\u00eda de Sucre.- Bajo los auspicios de la Alcald\u00eda y la C\u00e1mara de Comercio del Municipio Sucre, se est\u00e1n organizando las actividades de la Semana del Caficultor, comenzando el lunes 15 de abril y cerrando el mi\u00e9rcoles 24, con la celebraci\u00f3n de la Expoferia 2024. Los actos de la semana en homenaje al s\u00edmbolo &hellip;<\/p>\n","protected":false},"author":1,"featured_media":1341,"comment_status":"open","ping_status":"open","sticky":false,"template":"","format":"standard","meta":{"_eb_attr":"","_jetpack_memberships_contains_paid_content":false,"footnotes":""},"categories":[25],"tags":[],"class_list":["post-1332","post","type-post","status-publish","format-standard","has-post-thumbnail","hentry","category-region"],"jetpack_sharing_enabled":true,"jetpack_featured_media_url":"https:\/\/guayoyo24.com\/website\/wp-content\/uploads\/2024\/04\/58.jpg","_links":{"self":[{"href":"https:\/\/guayoyo24.com\/website\/wp-json\/wp\/v2\/posts\/1332","targetHints":{"allow":["GET"]}}],"collection":[{"href":"https:\/\/guayoyo24.com\/website\/wp-json\/wp\/v2\/posts"}],"about":[{"href":"https:\/\/guayoyo24.com\/website\/wp-json\/wp\/v2\/types\/post"}],"author":[{"embeddable":true,"href":"https:\/\/guayoyo24.com\/website\/wp-json\/wp\/v2\/users\/1"}],"replies":[{"embeddable":true,"href":"https:\/\/guayoyo24.com\/website\/wp-json\/wp\/v2\/comments?post=1332"}],"version-history":[{"count":2,"href":"https:\/\/guayoyo24.com\/website\/wp-json\/wp\/v2\/posts\/1332\/revisions"}],"predecessor-version":[{"id":1346,"href":"https:\/\/guayoyo24.com\/website\/wp-json\/wp\/v2\/posts\/1332\/revisions\/1346"}],"wp:featuredmedia":[{"embeddable":true,"href":"https:\/\/guayoyo24.com\/website\/wp-json\/wp\/v2\/media\/1341"}],"wp:attachment":[{"href":"https:\/\/guayoyo24.com\/website\/wp-json\/wp\/v2\/media?parent=1332"}],"wp:term":[{"taxonomy":"category","embeddable":true,"href":"https:\/\/guayoyo24.com\/website\/wp-json\/wp\/v2\/categories?post=1332"},{"taxonomy":"post_tag","embeddable":true,"href":"https:\/\/guayoyo24.com\/website\/wp-json\/wp\/v2\/tags?post=1332"}],"curies":[{"name":"wp","href":"https:\/\/api.w.org\/{rel}","templated":true}]}}