{"id":1338,"date":"2024-04-09T14:38:19","date_gmt":"2024-04-09T14:38:19","guid":{"rendered":"https:\/\/guayoyo24.com\/website\/?p=1338"},"modified":"2024-04-10T01:51:26","modified_gmt":"2024-04-10T01:51:26","slug":"maraton-caf-anuncia-ganadores-del-fotomaraton-2024","status":"publish","type":"post","link":"https:\/\/guayoyo24.com\/website\/2024\/04\/09\/maraton-caf-anuncia-ganadores-del-fotomaraton-2024\/","title":{"rendered":"Marat\u00f3n CAF anuncia ganadores del fotomarat\u00f3n 2024"},"content":{"rendered":"<p>(Caracas, 09 de abril de 2023). CAF -banco de desarrollo de Am\u00e9rica Latina y El Caribe\u2013 anunci\u00f3 los ganadores de la IV edici\u00f3n del concurso de fotograf\u00eda, que buscaba retratar las principales vivencias del Marat\u00f3n CAF Caracas 2024, la fiesta de la integraci\u00f3n de Am\u00e9rica Latina y el Caribe, a trav\u00e9s del lente de las c\u00e1maras los cientos de participantes que se sumaron a esta iniciativa.<\/p>\n<p>El jurado, conformado por los destacados fot\u00f3grafos venezolanos Adriana Loureiro y Orlando Corona, y Alejandra Hoffmann en representaci\u00f3n de CAF, escogi\u00f3 las fotograf\u00edas ganadoras. En la categor\u00eda individual el primer lugar lo obtuvo Rafael Hern\u00e1ndez, seguido de Ederick Palencia y Rayner Pe\u00f1a.<\/p>\n<p>En la categor\u00eda serie (entre 4 y 6 im\u00e1genes con tem\u00e1tica, concepto, lugar o luz en com\u00fan) el ganador fue Juan Mc Lellan, en segundo lugar Gaby Oraa y en tercer lugar Pedro Ferrer, con una menci\u00f3n honor\u00edfica para Jonathan Lanza.<\/p>\n<figure class=\"wp-block-image size-full\"><a class=\"td-modal-image\" href=\"https:\/\/mundour.com\/wp-content\/uploads\/2024\/04\/WhatsApp-Image-2024-04-08-at-10.17.50-1.jpeg\" target=\"_blank\" rel=\"noopener\"><img fetchpriority=\"high\" decoding=\"async\" class=\"wp-image-990707\" src=\"https:\/\/mundour.com\/wp-content\/uploads\/2024\/04\/WhatsApp-Image-2024-04-08-at-10.17.50-1.jpeg\" sizes=\"(max-width: 1000px) 100vw, 1000px\" srcset=\"https:\/\/mundour.com\/wp-content\/uploads\/2024\/04\/WhatsApp-Image-2024-04-08-at-10.17.50-1.jpeg 1000w, https:\/\/mundour.com\/wp-content\/uploads\/2024\/04\/WhatsApp-Image-2024-04-08-at-10.17.50-1-300x169.jpeg 300w, https:\/\/mundour.com\/wp-content\/uploads\/2024\/04\/WhatsApp-Image-2024-04-08-at-10.17.50-1-768x432.jpeg 768w, https:\/\/mundour.com\/wp-content\/uploads\/2024\/04\/WhatsApp-Image-2024-04-08-at-10.17.50-1-600x337.jpeg 600w, https:\/\/mundour.com\/wp-content\/uploads\/2024\/04\/WhatsApp-Image-2024-04-08-at-10.17.50-1-696x391.jpeg 696w, https:\/\/mundour.com\/wp-content\/uploads\/2024\/04\/WhatsApp-Image-2024-04-08-at-10.17.50-1-747x420.jpeg 747w\" alt=\"\" width=\"1000\" height=\"562\" \/><\/a><\/figure>\n<p>Los premios para los ganadores de ambas categor\u00edas son una C\u00e1mara Canon EOS R50 (primer lugar), un Ipad 9 (segundo lugar), y un curso de fotograf\u00eda avanzado de Roberto Mata Taller de Fotograf\u00eda de 20 horas (tercer lugar).<\/p>\n<p>Enrique de Arcos gan\u00f3 un curso de fotograf\u00eda b\u00e1sico de Roberto Mata Taller de Fotograf\u00eda de 20 horas al obtener la mayor votaci\u00f3n de la audiencia y resultar vencedor en la categor\u00eda reconocimiento especial del p\u00fablico.<\/p>\n<p>Quienes deseen participar en el Concurso de Cr\u00f3nicas tienen hasta el pr\u00f3ximo 18 de abril a las 11:59 pm hora Venezuela para compartir entre 800 y 2.000 palabras contando su vivencia del Marat\u00f3n CAF 2024 y concursar por USD 1.500 para el primer lugar, USD 1.000 para el segundo lugar y USD 500 para el tercer lugar. Los ganadores ser\u00e1n anunciados el pr\u00f3ximo 6 de mayo. Para mayor informaci\u00f3n de las bases de este concurso puedes ingresar a https:\/\/www.caf.com\/es\/especiales\/maraton\/concursos\/.<\/p>\n<div class=\"sharedaddy sd-sharing-enabled\">\n<div class=\"robots-nocontent sd-block sd-social sd-social-icon-text sd-sharing\">\n<h3 class=\"sd-title\"><\/h3>\n<\/div>\n<\/div>\n","protected":false},"excerpt":{"rendered":"<p>(Caracas, 09 de abril de 2023). CAF -banco de desarrollo de Am\u00e9rica Latina y El Caribe\u2013 anunci\u00f3 los ganadores de la IV edici\u00f3n del concurso de fotograf\u00eda, que buscaba retratar las principales vivencias del Marat\u00f3n CAF Caracas 2024, la fiesta de la integraci\u00f3n de Am\u00e9rica Latina y el Caribe, a trav\u00e9s del lente de las &hellip;<\/p>\n","protected":false},"author":1,"featured_media":1339,"comment_status":"open","ping_status":"open","sticky":false,"template":"","format":"standard","meta":{"_eb_attr":"","_jetpack_memberships_contains_paid_content":false,"footnotes":""},"categories":[29],"tags":[],"class_list":["post-1338","post","type-post","status-publish","format-standard","has-post-thumbnail","hentry","category-deportes"],"jetpack_sharing_enabled":true,"jetpack_featured_media_url":"https:\/\/guayoyo24.com\/website\/wp-content\/uploads\/2024\/04\/carrerajpg-146186.jpg","_links":{"self":[{"href":"https:\/\/guayoyo24.com\/website\/wp-json\/wp\/v2\/posts\/1338","targetHints":{"allow":["GET"]}}],"collection":[{"href":"https:\/\/guayoyo24.com\/website\/wp-json\/wp\/v2\/posts"}],"about":[{"href":"https:\/\/guayoyo24.com\/website\/wp-json\/wp\/v2\/types\/post"}],"author":[{"embeddable":true,"href":"https:\/\/guayoyo24.com\/website\/wp-json\/wp\/v2\/users\/1"}],"replies":[{"embeddable":true,"href":"https:\/\/guayoyo24.com\/website\/wp-json\/wp\/v2\/comments?post=1338"}],"version-history":[{"count":1,"href":"https:\/\/guayoyo24.com\/website\/wp-json\/wp\/v2\/posts\/1338\/revisions"}],"predecessor-version":[{"id":1340,"href":"https:\/\/guayoyo24.com\/website\/wp-json\/wp\/v2\/posts\/1338\/revisions\/1340"}],"wp:featuredmedia":[{"embeddable":true,"href":"https:\/\/guayoyo24.com\/website\/wp-json\/wp\/v2\/media\/1339"}],"wp:attachment":[{"href":"https:\/\/guayoyo24.com\/website\/wp-json\/wp\/v2\/media?parent=1338"}],"wp:term":[{"taxonomy":"category","embeddable":true,"href":"https:\/\/guayoyo24.com\/website\/wp-json\/wp\/v2\/categories?post=1338"},{"taxonomy":"post_tag","embeddable":true,"href":"https:\/\/guayoyo24.com\/website\/wp-json\/wp\/v2\/tags?post=1338"}],"curies":[{"name":"wp","href":"https:\/\/api.w.org\/{rel}","templated":true}]}}