{"id":1347,"date":"2024-04-09T14:49:39","date_gmt":"2024-04-09T14:49:39","guid":{"rendered":"https:\/\/guayoyo24.com\/website\/?p=1347"},"modified":"2024-04-10T01:51:13","modified_gmt":"2024-04-10T01:51:13","slug":"karateca-guanareno-jose-adrian-rojas-logro-plata-en-la-copa-internacional-francisco-de-miranda","status":"publish","type":"post","link":"https:\/\/guayoyo24.com\/website\/2024\/04\/09\/karateca-guanareno-jose-adrian-rojas-logro-plata-en-la-copa-internacional-francisco-de-miranda\/","title":{"rendered":"Karateca guanare\u00f1o Jos\u00e9 Adri\u00e1n Rojas logr\u00f3 plata en la Copa Internacional Francisco de Miranda"},"content":{"rendered":"<p>Especial.-<\/p>\n<p>El karateca guanare\u00f1o Jos\u00e9 Adri\u00e1n Rojas se colg\u00f3 la medalla de plata en la Copa Internacional Francisco de Miranda, evento organizado por la Federaci\u00f3n Venezolana de Karate Do en la ciudad de Caracas y donde participaron adem\u00e1s otros talentos de esta entidad, tambi\u00e9n pertenecientes al Dojo Seienchin, como el peque\u00f1o Eduardo Cadet quien tambi\u00e9n alcanz\u00f3 medalla de plata en la categor\u00eda 10-11 a\u00f1os y Andrea Valentina Barillas Gonz\u00e1lez, quien cosech\u00f3 medalla de bronce en la categor\u00eda femenina 16-17 a\u00f1os. Destacaron adem\u00e1s, Rodolfo Cadet, Aar\u00f3n Parra, Gustavo Parra y Yeison Garc\u00eda.<\/p>\n<p><img fetchpriority=\"high\" decoding=\"async\" class=\"alignnone size-medium wp-image-1342\" src=\"https:\/\/guayoyo24.com\/website\/wp-content\/uploads\/2024\/04\/55-240x300.jpg\" alt=\"\" width=\"240\" height=\"300\" srcset=\"https:\/\/guayoyo24.com\/website\/wp-content\/uploads\/2024\/04\/55-240x300.jpg 240w, https:\/\/guayoyo24.com\/website\/wp-content\/uploads\/2024\/04\/55-819x1024.jpg 819w, https:\/\/guayoyo24.com\/website\/wp-content\/uploads\/2024\/04\/55-768x960.jpg 768w, https:\/\/guayoyo24.com\/website\/wp-content\/uploads\/2024\/04\/55.jpg 960w\" sizes=\"(max-width: 240px) 100vw, 240px\" \/><\/p>\n<p>Con esta medalla de plata, Jos\u00e9 Adri\u00e1n, alumno de la Shihan Dai Yugerlis Valero del Dojo Seienchin, consolida su posici\u00f3n como puntero del ranking nacional en la categor\u00eda Kumite Individual Masculino 16-17 a\u00f1os -68 Kgs, conquistando por d\u00e9cima s\u00e9ptima vez en su carrera deportiva, un p\u00f3dium federado.<\/p>\n<p>Apunt\u00f3 que este importante evento le permiti\u00f3 enfrentarse a nuevos competidores y, por un leve error t\u00e1ctico en su \u00faltima pelea (luego de haber ganado tres combates con puntuaciones de 9-1, 3-3 y 3-0) por cuestiones de estrategia, cay\u00f3 ante el retador, no pudiendo alcanzar la medalla de oro, colg\u00e1ndose la de plata. \u201cEl camino sigue y para la excelencia es necesario el aprendizaje en el terreno de juego, as\u00ed que se har\u00e1n los ajustes necesarios y se continuar\u00e1 la preparaci\u00f3n t\u00e9cnica, f\u00edsica y psicol\u00f3gica para mantener la ruta competitiva en pro de la representaci\u00f3n internacional de nuestro pa\u00eds en los venideros eventos\u201d, dijo.<br \/>\n<img decoding=\"async\" class=\"alignnone size-medium wp-image-1343\" src=\"https:\/\/guayoyo24.com\/website\/wp-content\/uploads\/2024\/04\/57-240x300.jpg\" alt=\"\" width=\"240\" height=\"300\" srcset=\"https:\/\/guayoyo24.com\/website\/wp-content\/uploads\/2024\/04\/57-240x300.jpg 240w, https:\/\/guayoyo24.com\/website\/wp-content\/uploads\/2024\/04\/57-768x960.jpg 768w, https:\/\/guayoyo24.com\/website\/wp-content\/uploads\/2024\/04\/57.jpg 810w\" sizes=\"(max-width: 240px) 100vw, 240px\" \/><br \/>\nTras su triunfo, Jos\u00e9 Adri\u00e1n agradeci\u00f3 a su equipo t\u00e9cnico, encabezado por la Shihan Dai Yugerlis Valero, a sus padres y hermano, as\u00ed como tambi\u00e9n a un grupo de personalidades y empresarios guanare\u00f1os, quienes con sus aportes permanentes apoyan su carrera deportiva junto a la Alcald\u00eda del municipio Guanare y al Instituto Municipal del Deporte, que de manera permanente lo acompa\u00f1an en su devenir deportivo.<\/p>\n","protected":false},"excerpt":{"rendered":"<p>Especial.- El karateca guanare\u00f1o Jos\u00e9 Adri\u00e1n Rojas se colg\u00f3 la medalla de plata en la Copa Internacional Francisco de Miranda, evento organizado por la Federaci\u00f3n Venezolana de Karate Do en la ciudad de Caracas y donde participaron adem\u00e1s otros talentos de esta entidad, tambi\u00e9n pertenecientes al Dojo Seienchin, como el peque\u00f1o Eduardo Cadet quien tambi\u00e9n &hellip;<\/p>\n","protected":false},"author":1,"featured_media":1344,"comment_status":"open","ping_status":"open","sticky":false,"template":"","format":"standard","meta":{"_eb_attr":"","_jetpack_memberships_contains_paid_content":false,"footnotes":""},"categories":[34,29],"tags":[],"class_list":["post-1347","post","type-post","status-publish","format-standard","has-post-thumbnail","hentry","category-guayoyo24","category-deportes"],"jetpack_sharing_enabled":true,"jetpack_featured_media_url":"https:\/\/guayoyo24.com\/website\/wp-content\/uploads\/2024\/04\/56-e1712674381446.jpg","_links":{"self":[{"href":"https:\/\/guayoyo24.com\/website\/wp-json\/wp\/v2\/posts\/1347","targetHints":{"allow":["GET"]}}],"collection":[{"href":"https:\/\/guayoyo24.com\/website\/wp-json\/wp\/v2\/posts"}],"about":[{"href":"https:\/\/guayoyo24.com\/website\/wp-json\/wp\/v2\/types\/post"}],"author":[{"embeddable":true,"href":"https:\/\/guayoyo24.com\/website\/wp-json\/wp\/v2\/users\/1"}],"replies":[{"embeddable":true,"href":"https:\/\/guayoyo24.com\/website\/wp-json\/wp\/v2\/comments?post=1347"}],"version-history":[{"count":1,"href":"https:\/\/guayoyo24.com\/website\/wp-json\/wp\/v2\/posts\/1347\/revisions"}],"predecessor-version":[{"id":1348,"href":"https:\/\/guayoyo24.com\/website\/wp-json\/wp\/v2\/posts\/1347\/revisions\/1348"}],"wp:featuredmedia":[{"embeddable":true,"href":"https:\/\/guayoyo24.com\/website\/wp-json\/wp\/v2\/media\/1344"}],"wp:attachment":[{"href":"https:\/\/guayoyo24.com\/website\/wp-json\/wp\/v2\/media?parent=1347"}],"wp:term":[{"taxonomy":"category","embeddable":true,"href":"https:\/\/guayoyo24.com\/website\/wp-json\/wp\/v2\/categories?post=1347"},{"taxonomy":"post_tag","embeddable":true,"href":"https:\/\/guayoyo24.com\/website\/wp-json\/wp\/v2\/tags?post=1347"}],"curies":[{"name":"wp","href":"https:\/\/api.w.org\/{rel}","templated":true}]}}