{"id":13712,"date":"2024-12-08T13:24:25","date_gmt":"2024-12-08T17:24:25","guid":{"rendered":"https:\/\/guayoyo24.com\/website\/?p=13712"},"modified":"2024-12-08T15:46:20","modified_gmt":"2024-12-08T19:46:20","slug":"confirman-la-caida-del-presidente-de-siria-bashar-al-assad","status":"publish","type":"post","link":"https:\/\/guayoyo24.com\/website\/2024\/12\/08\/confirman-la-caida-del-presidente-de-siria-bashar-al-assad\/","title":{"rendered":"Confirman la ca\u00edda del presidente de Siria, Bashar al Assad"},"content":{"rendered":"<div class=\"td_block_wrap tdb_single_content tdi_84 td-pb-border-top td_block_template_1 td-post-content tagdiv-type\" data-td-block-uid=\"tdi_84\">\n<div class=\"tdb-block-inner td-fix-index\">\n<p style=\"text-align: justify;\">El primer ministro sirio, Muhammad al-Jalali confirm\u00f3 este domingo la ca\u00edda del gobierno del presidente Bashar al Assad y se\u00f1al\u00f3 que est\u00e1 dispuesto a entregar el poder pac\u00edficamente.<\/p>\n<div class=\"code-block code-block-1\" style=\"text-align: justify;\">\n<div id=\"div-gpt-ad-1678065894427-0\" data-google-query-id=\"CJLN__XXmIoDFf7hlAkdfyYB_Q\">\n<div id=\"google_ads_iframe_\/22879228864\/Post-inline-1_0__container__\"><\/div>\n<\/div>\n<\/div>\n<p style=\"text-align: justify;\">El anunci\u00f3 de Muhammad al-Jalali se dio despu\u00e9s de conocerse la toma de la capital siria por grupos extremistas y declar\u00f3 estar dispuesto a \u00abcooperar\u00bb con cualquier direcci\u00f3n elegida por el pueblo y con cualquier medida encaminada a \u00abentregar\u00bb el poder.<\/p>\n<p style=\"text-align: justify;\">Por su parte una fuente militar siria dijo a la agencia Reuters que el mando del Ej\u00e9rcito \u00c1rabe Sirio inform\u00f3 a los oficiales y jefes militares de la ca\u00edda de Bashar al Assad.<\/p>\n<p style=\"text-align: justify;\">Al asumir el control de la capital siria, los grupos radicales extremistas anunciaron que se hicieron del control de la radio, la televisi\u00f3n p\u00fablica y de varias instituciones sirias.<\/p>\n<p style=\"text-align: justify;\">Los extremista radicales confirmaron su entrada en Damasco sin que se registraran mayores se\u00f1ales de despliegue militar por parte de las fuerzas \u00e1rabes sirias.<\/p>\n<p style=\"text-align: justify;\">Los \u00faltimos puntos de resistencia militar siria fueron evacuados, permitiendo que los grupos armados tomaran el control de estas zonas de manera estrat\u00e9gica y sin enfrentamientos prolongados.<\/p>\n<\/div>\n<\/div>\n<div class=\"wpb_wrapper td_block_wrap vc_raw_html tdi_86 \" style=\"text-align: justify;\">\n<div class=\"td-fix-index\">\n<div id=\"div-gpt-ad-1677801210894-0\" data-google-query-id=\"CJPN__XXmIoDFf7hlAkdfyYB_Q\">\n<div id=\"google_ads_iframe_\/22879228864\/Post-footer-1_0__container__\"><\/div>\n<\/div>\n<\/div>\n<\/div>\n<div class=\"td_block_wrap tdb_single_tags tdi_89 td-pb-border-top td_block_template_1\" style=\"text-align: justify;\" data-td-block-uid=\"tdi_89\"><\/div>\n","protected":false},"excerpt":{"rendered":"<p>El primer ministro sirio, Muhammad al-Jalali confirm\u00f3 este domingo la ca\u00edda del gobierno del presidente Bashar al Assad y se\u00f1al\u00f3 que est\u00e1 dispuesto a entregar el poder pac\u00edficamente. El anunci\u00f3 de Muhammad al-Jalali se dio despu\u00e9s de conocerse la toma de la capital siria por grupos extremistas y declar\u00f3 estar dispuesto a \u00abcooperar\u00bb con cualquier &hellip;<\/p>\n","protected":false},"author":1,"featured_media":13713,"comment_status":"open","ping_status":"open","sticky":false,"template":"","format":"standard","meta":{"_eb_attr":"","_jetpack_memberships_contains_paid_content":false,"footnotes":""},"categories":[28],"tags":[],"class_list":["post-13712","post","type-post","status-publish","format-standard","has-post-thumbnail","hentry","category-mundo"],"jetpack_sharing_enabled":true,"jetpack_featured_media_url":"https:\/\/guayoyo24.com\/website\/wp-content\/uploads\/2024\/12\/17336389457219-696x464-1.jpg","_links":{"self":[{"href":"https:\/\/guayoyo24.com\/website\/wp-json\/wp\/v2\/posts\/13712","targetHints":{"allow":["GET"]}}],"collection":[{"href":"https:\/\/guayoyo24.com\/website\/wp-json\/wp\/v2\/posts"}],"about":[{"href":"https:\/\/guayoyo24.com\/website\/wp-json\/wp\/v2\/types\/post"}],"author":[{"embeddable":true,"href":"https:\/\/guayoyo24.com\/website\/wp-json\/wp\/v2\/users\/1"}],"replies":[{"embeddable":true,"href":"https:\/\/guayoyo24.com\/website\/wp-json\/wp\/v2\/comments?post=13712"}],"version-history":[{"count":1,"href":"https:\/\/guayoyo24.com\/website\/wp-json\/wp\/v2\/posts\/13712\/revisions"}],"predecessor-version":[{"id":13714,"href":"https:\/\/guayoyo24.com\/website\/wp-json\/wp\/v2\/posts\/13712\/revisions\/13714"}],"wp:featuredmedia":[{"embeddable":true,"href":"https:\/\/guayoyo24.com\/website\/wp-json\/wp\/v2\/media\/13713"}],"wp:attachment":[{"href":"https:\/\/guayoyo24.com\/website\/wp-json\/wp\/v2\/media?parent=13712"}],"wp:term":[{"taxonomy":"category","embeddable":true,"href":"https:\/\/guayoyo24.com\/website\/wp-json\/wp\/v2\/categories?post=13712"},{"taxonomy":"post_tag","embeddable":true,"href":"https:\/\/guayoyo24.com\/website\/wp-json\/wp\/v2\/tags?post=13712"}],"curies":[{"name":"wp","href":"https:\/\/api.w.org\/{rel}","templated":true}]}}