{"id":14723,"date":"2025-01-07T19:52:44","date_gmt":"2025-01-07T23:52:44","guid":{"rendered":"https:\/\/guayoyo24.com\/website\/?p=14723"},"modified":"2025-01-10T10:48:59","modified_gmt":"2025-01-10T14:48:59","slug":"en-esteller-el-concejal-pedro-ulacia-presidira-el-concejo-municipal-para-el-periodo-2025","status":"publish","type":"post","link":"https:\/\/guayoyo24.com\/website\/2025\/01\/07\/en-esteller-el-concejal-pedro-ulacia-presidira-el-concejo-municipal-para-el-periodo-2025\/","title":{"rendered":"En Esteller el concejal Pedro Ulacia presidir\u00e1 el Concejo Municipal para el periodo 2025"},"content":{"rendered":"<p><strong>Especial.-<\/strong><\/p>\n<p>Cumpliendo con lo establecido en el ordenamiento jur\u00eddico vigente, se realiz\u00f3 la Sesi\u00f3n extraordinaria de Instalaci\u00f3n para la Elecci\u00f3n y Juramentaci\u00f3n de la Junta Directiva del Concejo Municipal de Esteller para el periodo 2025-2026<\/p>\n<p>La Sesi\u00f3n Extraordinaria cont\u00f3 con la asistencia de la alcaldesa IGN. Beurys Rodr\u00edguez, y con las autoridades civiles y Protecci\u00f3n Civil del Municipio, all\u00ed el concejal \u00c1ngel Simanca, tom\u00f3 el primer derecho de palabra para proponer al concejal Msc. Pedro Ulacia como presidente, destacando su gran labor y compromiso<\/p>\n<p>De igual modo, la concejala Auxibia Parra, tom\u00f3 en derecho de palabra y propuso al concejal Alexander L\u00f3pez, como vicepresidente del Concejo Municipal; mientras que el concejal Julio Gonz\u00e1lez, tom\u00f3 el derecho de palabra para plantear la continuidad en el cargo de Secretaria de C\u00e1mara a la Lcda. Minerva Yustiz, asi mismo el concejal Wilmer Flores, tom\u00f3 el derecho de palabra para proponer a Yismary Suarez, como Subsecretaria del Concejo Municipal de Esteller.<\/p>\n<p>Las cuatros propuestas fueron sometidas a consideraci\u00f3n y luego fueron aprobadas de forma un\u00e1nime por parte de los concejales y concejalas del municipio. Seguidamente, se procedi\u00f3 a la Juramentaci\u00f3n de la Junta Directiva, que estuvo a cargo de la primera mandataria municipal alcaldesa IGN. Beurys Rodr\u00edguez.<\/p>\n<p>&nbsp;<\/p>\n<p><img fetchpriority=\"high\" decoding=\"async\" class=\"alignnone wp-image-14724 size-full\" src=\"https:\/\/guayoyo24.com\/website\/wp-content\/uploads\/2025\/01\/WhatsApp-Image-2025-01-07-at-7.44.39-PM-1.jpeg\" alt=\"\" width=\"828\" height=\"621\" srcset=\"https:\/\/guayoyo24.com\/website\/wp-content\/uploads\/2025\/01\/WhatsApp-Image-2025-01-07-at-7.44.39-PM-1.jpeg 828w, https:\/\/guayoyo24.com\/website\/wp-content\/uploads\/2025\/01\/WhatsApp-Image-2025-01-07-at-7.44.39-PM-1-300x225.jpeg 300w, https:\/\/guayoyo24.com\/website\/wp-content\/uploads\/2025\/01\/WhatsApp-Image-2025-01-07-at-7.44.39-PM-1-768x576.jpeg 768w\" sizes=\"(max-width: 828px) 100vw, 828px\" \/><\/p>\n","protected":false},"excerpt":{"rendered":"<p>Especial.- Cumpliendo con lo establecido en el ordenamiento jur\u00eddico vigente, se realiz\u00f3 la Sesi\u00f3n extraordinaria de Instalaci\u00f3n para la Elecci\u00f3n y Juramentaci\u00f3n de la Junta Directiva del Concejo Municipal de Esteller para el periodo 2025-2026 La Sesi\u00f3n Extraordinaria cont\u00f3 con la asistencia de la alcaldesa IGN. Beurys Rodr\u00edguez, y con las autoridades civiles y Protecci\u00f3n &hellip;<\/p>\n","protected":false},"author":2,"featured_media":14725,"comment_status":"open","ping_status":"open","sticky":false,"template":"","format":"standard","meta":{"_eb_attr":"","_jetpack_memberships_contains_paid_content":false,"footnotes":""},"categories":[25],"tags":[],"class_list":["post-14723","post","type-post","status-publish","format-standard","has-post-thumbnail","hentry","category-region"],"jetpack_sharing_enabled":true,"jetpack_featured_media_url":"https:\/\/guayoyo24.com\/website\/wp-content\/uploads\/2025\/01\/WhatsApp-Image-2025-01-07-at-7.44.39-PM.jpeg","_links":{"self":[{"href":"https:\/\/guayoyo24.com\/website\/wp-json\/wp\/v2\/posts\/14723","targetHints":{"allow":["GET"]}}],"collection":[{"href":"https:\/\/guayoyo24.com\/website\/wp-json\/wp\/v2\/posts"}],"about":[{"href":"https:\/\/guayoyo24.com\/website\/wp-json\/wp\/v2\/types\/post"}],"author":[{"embeddable":true,"href":"https:\/\/guayoyo24.com\/website\/wp-json\/wp\/v2\/users\/2"}],"replies":[{"embeddable":true,"href":"https:\/\/guayoyo24.com\/website\/wp-json\/wp\/v2\/comments?post=14723"}],"version-history":[{"count":1,"href":"https:\/\/guayoyo24.com\/website\/wp-json\/wp\/v2\/posts\/14723\/revisions"}],"predecessor-version":[{"id":14726,"href":"https:\/\/guayoyo24.com\/website\/wp-json\/wp\/v2\/posts\/14723\/revisions\/14726"}],"wp:featuredmedia":[{"embeddable":true,"href":"https:\/\/guayoyo24.com\/website\/wp-json\/wp\/v2\/media\/14725"}],"wp:attachment":[{"href":"https:\/\/guayoyo24.com\/website\/wp-json\/wp\/v2\/media?parent=14723"}],"wp:term":[{"taxonomy":"category","embeddable":true,"href":"https:\/\/guayoyo24.com\/website\/wp-json\/wp\/v2\/categories?post=14723"},{"taxonomy":"post_tag","embeddable":true,"href":"https:\/\/guayoyo24.com\/website\/wp-json\/wp\/v2\/tags?post=14723"}],"curies":[{"name":"wp","href":"https:\/\/api.w.org\/{rel}","templated":true}]}}