{"id":14814,"date":"2025-01-10T11:20:34","date_gmt":"2025-01-10T15:20:34","guid":{"rendered":"https:\/\/guayoyo24.com\/website\/?p=14814"},"modified":"2025-01-11T15:53:39","modified_gmt":"2025-01-11T19:53:39","slug":"hasta-aca-llegue-mujica-comunica-que-el-cancer-se-expandio-por-su-cuerpo","status":"publish","type":"post","link":"https:\/\/guayoyo24.com\/website\/2025\/01\/10\/hasta-aca-llegue-mujica-comunica-que-el-cancer-se-expandio-por-su-cuerpo\/","title":{"rendered":"\u00abHasta ac\u00e1 llegu\u00e9\u00bb: Mujica comunica que el c\u00e1ncer se expandi\u00f3 por su cuerpo"},"content":{"rendered":"<div class=\"sumario\">\n<p>El expresidente uruguayo Jos\u00e9 \u00abPepe\u00bb\u00a0 Mujica, de 89 a\u00f1os, explic\u00f3 que el c\u00e1ncer de es\u00f3fago que padece, anunciado el pasado 29 de abril, se expandi\u00f3 por su cuerpo y ya no hay forma de detenerlo.<\/p>\n<div>\u00abEl c\u00e1ncer en el es\u00f3fago me est\u00e1 colonizando el h\u00edgado. No lo paro con nada. \u00bfPor qu\u00e9? Porque soy un anciano y porque tengo dos enfermedades cr\u00f3nicas. No me cabe ni un tratamiento bioqu\u00edmico ni la cirug\u00eda porque mi cuerpo no lo aguanta\u00bb, dijo en una entrevista con el semanario B\u00fasqueda en su chacra en Rinc\u00f3n del Cerro, una zona rural ubicada en las afueras de Montevideo.<\/div>\n<div><\/div>\n<div>\n<p>Mujica tambi\u00e9n inform\u00f3 que no se someter\u00e1 a m\u00e1s tratamientos m\u00e9dicos y que su \u00fanica petici\u00f3n a los m\u00e9dicos es que no le hagan \u00absufrir al pedo\u00bb. \u00abQue me pichicateen (administren f\u00e1rmacos) y cuando me toque morir, me muero. As\u00ed de simple como te lo digo\u00bb, coment\u00f3.<\/p>\n<p>Y a\u00f1adi\u00f3: \u00abEstoy condenado, hermano. Hasta ac\u00e1 llegu\u00e9\u00bb.<\/p>\n<p><b>\u00abYa termin\u00f3 mi ciclo\u00bb<\/b><\/p>\n<\/div>\n<div><b><br \/>\n<\/b>El expresidente asegur\u00f3 que desea despedirse de su pueblo. \u00abLo que quiero es despedirme de mis compatriotas. Es f\u00e1cil tener respeto para los que piensan parecido a uno, pero hay que aprender que el fundamento de la democracia es el respeto a los que piensan distinto. Por eso, la primera categor\u00eda son mis compatriotas y de ellos me despido. Les doy un abrazo a todos\u00bb, expres\u00f3.<\/div>\n<div><\/div>\n<div>\n<p>Mujica tambi\u00e9n pidi\u00f3 que le \u00abdejen tranquilo\u00bb en este \u00faltimo tramo de su vida. \u00abQue no me pidan m\u00e1s entrevistas ni nada m\u00e1s. Ya termin\u00f3 mi ciclo. Sinceramente, me estoy muriendo. Y el guerrero tiene derecho a su descanso\u00bb, continu\u00f3.<\/p>\n<p>El expresidente dijo sentirse agradecido con la vida a pesar de las dificultades. \u00abA m\u00ed la vida me ha dado muchos premios. El principal es que estoy a cuatro meses de cumplir 90 a\u00f1os. Mir\u00e1 la vida que he tenido. Es un desastre\u00bb, reflexion\u00f3.<\/p>\n<\/div>\n<div><\/div>\n<div>\n<p><b>(Lea tambi\u00e9n:\u00a0<a href=\"https:\/\/www.globovision.com\/internacional\/32440\/pepe-mujica-evoluciona-dentro-de-lo-esperado-luego-de-que-le-colocaran-un-stent-en-el-esofago\" target=\"_blank\" rel=\"noopener\">\u00abPepe\u00bb Mujica evoluciona dentro de lo esperado luego de que le colocaran un stent en el es\u00f3fago<\/a>)<\/b><\/p>\n<p><b>\u00abLuc\u00eda es un ser superior\u00bb<\/b><\/p>\n<\/div>\n<div>Tambi\u00e9n hizo una reflexi\u00f3n sobre su visi\u00f3n del mundo: \u00abLa vida es una hermosa aventura y un milagro. Estamos demasiado concentrados en la riqueza y no en la felicidad. Estamos concentrados solo en hacer cosas y, cuando quer\u00e9s acordar, se te pas\u00f3 la vida al pedo\u00bb.<\/div>\n<div><\/div>\n<div>Se\u00f1al\u00f3 que uno de los aspectos que le preocupan es la necesidad de renovaci\u00f3n en la pol\u00edtica. \u00abMi barra tiene que entender que el tiempo es inexorable y que hay un momento que hay que abrir la puerta a otras generaciones y no estar estorbando. Mi \u00fanica preocupaci\u00f3n es que tengan una actitud de renovaci\u00f3n permanente, porque lo que viene es muy distinto a lo que hubo\u00bb, subray\u00f3.<\/div>\n<div><\/div>\n<div>\n<p>Asimismo, asegur\u00f3 que quiere organizar su granja y dejarla en condiciones para quienes lo sucedan. \u00abTodos los d\u00edas ando un poquito en el tractor, aunque sea simb\u00f3lico, y estoy acomodando las cosas para los que van a quedar ac\u00e1 en la chacra. Compr\u00e9 un tractor nuevo a 28.000 d\u00f3lares. Para los que van a quedar ac\u00e1, para que vivan. Quiero dejarles fuegos nuevos. No tengo hijos, pero igual voy a dejar descendencia\u00bb, explic\u00f3.<\/p>\n<p>Mujica detall\u00f3 que la propiedad est\u00e1 a nombre de su esposa, Luc\u00eda Topolansky, y quedar\u00e1 para el Movimiento de Participaci\u00f3n Popular (MPP). \u00abLuc\u00eda es un ser superior y estoy ac\u00e1 todav\u00eda gracias a ella\u00bb, puntualiz\u00f3 emocionado.<\/p>\n<p>Y concluy\u00f3: \u00abYo me voy a morir ac\u00e1. Ah\u00ed afuera hay un sequoia grandote (un \u00e1rbol que \u00e9l cultiv\u00f3). Est\u00e1 Manuela (su perra) enterrada ah\u00ed. Estoy haciendo los papeles para que ah\u00ed tambi\u00e9n me entierren a m\u00ed. Y ya est\u00e1\u00bb.<\/p>\n<\/div>\n<div><\/div>\n<div><b>Con informaci\u00f3n de Actualidad RT<\/b><\/div>\n<\/div>\n","protected":false},"excerpt":{"rendered":"<p>El expresidente uruguayo Jos\u00e9 \u00abPepe\u00bb\u00a0 Mujica, de 89 a\u00f1os, explic\u00f3 que el c\u00e1ncer de es\u00f3fago que padece, anunciado el pasado 29 de abril, se expandi\u00f3 por su cuerpo y ya no hay forma de detenerlo. \u00abEl c\u00e1ncer en el es\u00f3fago me est\u00e1 colonizando el h\u00edgado. No lo paro con nada. \u00bfPor qu\u00e9? Porque soy un &hellip;<\/p>\n","protected":false},"author":1,"featured_media":14815,"comment_status":"open","ping_status":"open","sticky":false,"template":"","format":"standard","meta":{"_eb_attr":"","_jetpack_memberships_contains_paid_content":false,"footnotes":""},"categories":[28],"tags":[],"class_list":["post-14814","post","type-post","status-publish","format-standard","has-post-thumbnail","hentry","category-mundo"],"jetpack_sharing_enabled":true,"jetpack_featured_media_url":"https:\/\/guayoyo24.com\/website\/wp-content\/uploads\/2025\/01\/jose-pepe-mujica-27217.jpg","_links":{"self":[{"href":"https:\/\/guayoyo24.com\/website\/wp-json\/wp\/v2\/posts\/14814","targetHints":{"allow":["GET"]}}],"collection":[{"href":"https:\/\/guayoyo24.com\/website\/wp-json\/wp\/v2\/posts"}],"about":[{"href":"https:\/\/guayoyo24.com\/website\/wp-json\/wp\/v2\/types\/post"}],"author":[{"embeddable":true,"href":"https:\/\/guayoyo24.com\/website\/wp-json\/wp\/v2\/users\/1"}],"replies":[{"embeddable":true,"href":"https:\/\/guayoyo24.com\/website\/wp-json\/wp\/v2\/comments?post=14814"}],"version-history":[{"count":2,"href":"https:\/\/guayoyo24.com\/website\/wp-json\/wp\/v2\/posts\/14814\/revisions"}],"predecessor-version":[{"id":14857,"href":"https:\/\/guayoyo24.com\/website\/wp-json\/wp\/v2\/posts\/14814\/revisions\/14857"}],"wp:featuredmedia":[{"embeddable":true,"href":"https:\/\/guayoyo24.com\/website\/wp-json\/wp\/v2\/media\/14815"}],"wp:attachment":[{"href":"https:\/\/guayoyo24.com\/website\/wp-json\/wp\/v2\/media?parent=14814"}],"wp:term":[{"taxonomy":"category","embeddable":true,"href":"https:\/\/guayoyo24.com\/website\/wp-json\/wp\/v2\/categories?post=14814"},{"taxonomy":"post_tag","embeddable":true,"href":"https:\/\/guayoyo24.com\/website\/wp-json\/wp\/v2\/tags?post=14814"}],"curies":[{"name":"wp","href":"https:\/\/api.w.org\/{rel}","templated":true}]}}