{"id":14823,"date":"2025-01-10T11:30:28","date_gmt":"2025-01-10T15:30:28","guid":{"rendered":"https:\/\/guayoyo24.com\/website\/?p=14823"},"modified":"2025-01-11T15:53:09","modified_gmt":"2025-01-11T19:53:09","slug":"los-talibanes-anuncian-su-primer-cambio-de-gabinete","status":"publish","type":"post","link":"https:\/\/guayoyo24.com\/website\/2025\/01\/10\/los-talibanes-anuncian-su-primer-cambio-de-gabinete\/","title":{"rendered":"Los talibanes anuncian su primer cambio de gabinete"},"content":{"rendered":"<p>El gobierno de facto de los\u00a0<a href=\"https:\/\/www.elnacional.com\/mundo\/afganistan-denuncia-ataque-pakistani-con-46-muertos-y-promete-respuesta\/\" target=\"_blank\" rel=\"noopener\">talibanes anunci\u00f3 el primer cambio significativo de liderazgo de alto nivel desde que tomaron el control de Afganist\u00e1n en agosto de 2021<\/a>, con la designaci\u00f3n del vice primer ministro de Asuntos Pol\u00edticos para el cargo de ministro interino de Refugiados y Repatriaci\u00f3n, Mawlawi Abdul Kabir.<\/p>\n<p>El portavoz principal de los talibanes, Zabiullah Mujahid, anunci\u00f3 a \u00faltima hora del jueves el nombramiento en su cuenta de X, afirmando que la decisi\u00f3n se bas\u00f3 en una orden del l\u00edder supremo talib\u00e1n, Haibatullah Akhundzada.<\/p>\n<p>\u00abSeg\u00fan el decreto de su excelencia Amir al-Mu\u2019minin (pr\u00edncipe de los creyentes), el vice primer ministro Mawlawi Abdul Kabir ha sido nombrado ministro interino de Refugiados y Repatriaci\u00f3n\u00bb, anunci\u00f3 Mujahid.<\/p>\n<p>Este nombramiento marca un cambio notable para Mawlawi Abdul Kabir, un miembro de alto rango de la red Haqqani, que se ha desempe\u00f1ado como vice primer ministro de Asuntos Pol\u00edticos durante los \u00faltimos tres a\u00f1os.<\/p>\n<div id=\"box_connatix\" class=\"banner connatix\">Con esto reemplaza a Khalil Ur Rahman Haqqani, quien muri\u00f3 junto con varios miembros del personal del ministerio en un atentado suicida reivindicado por ISIS-Khorasan, la rama afgana del grupo yihadista Estado Isl\u00e1mico, el 11 de diciembre de 2024.<\/div>\n<p>Si bien se presenta como un nombramiento est\u00e1ndar, la reasignaci\u00f3n es ampliamente vista como una degradaci\u00f3n para Mawlawi Abdul Kabir.<\/p>\n<p>El Ministerio de Refugiados y Repatriaci\u00f3n es importante dada la actual crisis de desplazamientos en Afganist\u00e1n, pero no se considera tan influyente como el cargo de vice primer ministro para Asuntos Pol\u00edticos.<\/p>\n<p>Esta decisi\u00f3n pone de relieve la din\u00e1mica de poder interna dentro del gobierno talib\u00e1n, que est\u00e1 en gran medida dividido entre la red Haqqani, influyente en el este de Afganist\u00e1n y Kabul, y la facci\u00f3n con sede en Kandahar leal al l\u00edder supremo Akhundzada, que representa el coraz\u00f3n tradicional del movimiento talib\u00e1n.<\/p>\n<p>Esta rivalidad ha estado latente bajo la superficie desde el regreso de los talibanes al poder en agosto de 2021, tras la retirada de las fuerzas de Estados Unidos y los aliados de la OTAN.<\/p>\n<p>Se espera que el puesto ahora vacante de vice primer ministro para Asuntos Pol\u00edticos se convierta en un importante punto de discordia entre estas dos facciones.<\/p>\n<p>La selecci\u00f3n del sustituto de Kabir ser\u00e1 seguida de cerca por analistas y observadores internacionales, ya que es probable que proporcione informaci\u00f3n valiosa sobre el actual equilibrio de poder dentro del liderazgo talib\u00e1n y potencialmente indique futuras direcciones pol\u00edticas.<\/p>\n","protected":false},"excerpt":{"rendered":"<p>El gobierno de facto de los\u00a0talibanes anunci\u00f3 el primer cambio significativo de liderazgo de alto nivel desde que tomaron el control de Afganist\u00e1n en agosto de 2021, con la designaci\u00f3n del vice primer ministro de Asuntos Pol\u00edticos para el cargo de ministro interino de Refugiados y Repatriaci\u00f3n, Mawlawi Abdul Kabir. El portavoz principal de los &hellip;<\/p>\n","protected":false},"author":1,"featured_media":14824,"comment_status":"open","ping_status":"open","sticky":false,"template":"","format":"standard","meta":{"_eb_attr":"","_jetpack_memberships_contains_paid_content":false,"footnotes":""},"categories":[28],"tags":[],"class_list":["post-14823","post","type-post","status-publish","format-standard","has-post-thumbnail","hentry","category-mundo"],"jetpack_sharing_enabled":true,"jetpack_featured_media_url":"https:\/\/guayoyo24.com\/website\/wp-content\/uploads\/2025\/01\/AFP__20241226__36RJ9GR__v1__HighRes__AfghanistanPakistanStrikes-scaled-1.jpg","_links":{"self":[{"href":"https:\/\/guayoyo24.com\/website\/wp-json\/wp\/v2\/posts\/14823","targetHints":{"allow":["GET"]}}],"collection":[{"href":"https:\/\/guayoyo24.com\/website\/wp-json\/wp\/v2\/posts"}],"about":[{"href":"https:\/\/guayoyo24.com\/website\/wp-json\/wp\/v2\/types\/post"}],"author":[{"embeddable":true,"href":"https:\/\/guayoyo24.com\/website\/wp-json\/wp\/v2\/users\/1"}],"replies":[{"embeddable":true,"href":"https:\/\/guayoyo24.com\/website\/wp-json\/wp\/v2\/comments?post=14823"}],"version-history":[{"count":1,"href":"https:\/\/guayoyo24.com\/website\/wp-json\/wp\/v2\/posts\/14823\/revisions"}],"predecessor-version":[{"id":14825,"href":"https:\/\/guayoyo24.com\/website\/wp-json\/wp\/v2\/posts\/14823\/revisions\/14825"}],"wp:featuredmedia":[{"embeddable":true,"href":"https:\/\/guayoyo24.com\/website\/wp-json\/wp\/v2\/media\/14824"}],"wp:attachment":[{"href":"https:\/\/guayoyo24.com\/website\/wp-json\/wp\/v2\/media?parent=14823"}],"wp:term":[{"taxonomy":"category","embeddable":true,"href":"https:\/\/guayoyo24.com\/website\/wp-json\/wp\/v2\/categories?post=14823"},{"taxonomy":"post_tag","embeddable":true,"href":"https:\/\/guayoyo24.com\/website\/wp-json\/wp\/v2\/tags?post=14823"}],"curies":[{"name":"wp","href":"https:\/\/api.w.org\/{rel}","templated":true}]}}