{"id":14875,"date":"2025-01-13T08:06:13","date_gmt":"2025-01-13T12:06:13","guid":{"rendered":"https:\/\/guayoyo24.com\/website\/?p=14875"},"modified":"2025-01-16T09:08:38","modified_gmt":"2025-01-16T13:08:38","slug":"choque-de-camioneta-y-auto-deja-tres-heridos-de-consideracion-y-danos-a-la-sede-del-diario-ultima-hora","status":"publish","type":"post","link":"https:\/\/guayoyo24.com\/website\/2025\/01\/13\/choque-de-camioneta-y-auto-deja-tres-heridos-de-consideracion-y-danos-a-la-sede-del-diario-ultima-hora\/","title":{"rendered":"Choque de camioneta y auto deja tres heridos de consideraci\u00f3n y da\u00f1os a la sede del Diario \u00daltima Hora"},"content":{"rendered":"<p style=\"text-align: justify;\"><strong>Especial.-<\/strong><\/p>\n<p style=\"text-align: justify;\">Un choque entre una camioneta y un auto, dej\u00f3 la madrugada de este domingo #12Ene tres heridos de consideraci\u00f3n, adem\u00e1s de serios da\u00f1os en ambos veh\u00edculos y en la sede de este diario, ubicada en la intersecci\u00f3n de la avenidas Eduardo Chollet y Gonzalo Barrios, de Acarigua.<\/p>\n<p style=\"text-align: justify;\">Seg\u00fan el reporte de las autoridades, los veh\u00edculos involucrados son una camioneta Toyota, 4Runner, a\u00f1o 2007, y un Volswagen, modelo Bora, a\u00f1o 2004, cuyos conductores, identificados como Alexis Alberto Ruiz Y\u00e9pez (39), de la primera unidad mencionada, present\u00f3 politraumatismos; mientras que el del auto, de nombre Jorge Luis Lugo (56), fue igualmente diagnosticado con politraumatisnos, siendo ambos trasladados a centros asistenciales.<\/p>\n<p style=\"text-align: justify;\">La tercera persona lesionada, que viajaba en la camioneta fue identificada como Mairobis Rijo Mart\u00ednez, de 40 a\u00f1os, y quien present\u00f3 politraumatismos,por lo que tambi\u00e9n hubo de ser recluida.<\/p>\n<p style=\"text-align: justify;\">Seg\u00fan el informe de los funcionarios actuantes, estos veh\u00edculos se desplazaban alrededor de las 4 am, uno.por la avenida Chollet (la camioneta) y el otro por la Gonzalo Barrios, cuando impactaron violentamente, por lo que la Toyota sin control termina derribando la cerca del Diario \u00daltima Hora para finalizar contra la pared del edificio; en tanto que el Volswagen se fue sobre la acera<\/p>\n<p style=\"text-align: justify;\">De acuerdo al reporte los conductores se encontraban bajo los efectos del alcohol.<\/p>\n<p><img fetchpriority=\"high\" decoding=\"async\" class=\"alignnone size-full wp-image-14878\" src=\"https:\/\/guayoyo24.com\/website\/wp-content\/uploads\/2025\/01\/Imagen-de-WhatsApp-2025-01-13-a-las-06.52.41_6a7fbbff.jpg\" alt=\"\" width=\"840\" height=\"779\" srcset=\"https:\/\/guayoyo24.com\/website\/wp-content\/uploads\/2025\/01\/Imagen-de-WhatsApp-2025-01-13-a-las-06.52.41_6a7fbbff.jpg 840w, https:\/\/guayoyo24.com\/website\/wp-content\/uploads\/2025\/01\/Imagen-de-WhatsApp-2025-01-13-a-las-06.52.41_6a7fbbff-300x278.jpg 300w, https:\/\/guayoyo24.com\/website\/wp-content\/uploads\/2025\/01\/Imagen-de-WhatsApp-2025-01-13-a-las-06.52.41_6a7fbbff-768x712.jpg 768w\" sizes=\"(max-width: 840px) 100vw, 840px\" \/><\/p>\n<p><img decoding=\"async\" class=\"alignnone size-full wp-image-14877\" src=\"https:\/\/guayoyo24.com\/website\/wp-content\/uploads\/2025\/01\/Imagen-de-WhatsApp-2025-01-13-a-las-06.52.43_2430a170.jpg\" alt=\"\" width=\"810\" height=\"840\" srcset=\"https:\/\/guayoyo24.com\/website\/wp-content\/uploads\/2025\/01\/Imagen-de-WhatsApp-2025-01-13-a-las-06.52.43_2430a170.jpg 810w, https:\/\/guayoyo24.com\/website\/wp-content\/uploads\/2025\/01\/Imagen-de-WhatsApp-2025-01-13-a-las-06.52.43_2430a170-289x300.jpg 289w, https:\/\/guayoyo24.com\/website\/wp-content\/uploads\/2025\/01\/Imagen-de-WhatsApp-2025-01-13-a-las-06.52.43_2430a170-768x796.jpg 768w\" sizes=\"(max-width: 810px) 100vw, 810px\" \/><\/p>\n","protected":false},"excerpt":{"rendered":"<p>Especial.- Un choque entre una camioneta y un auto, dej\u00f3 la madrugada de este domingo #12Ene tres heridos de consideraci\u00f3n, adem\u00e1s de serios da\u00f1os en ambos veh\u00edculos y en la sede de este diario, ubicada en la intersecci\u00f3n de la avenidas Eduardo Chollet y Gonzalo Barrios, de Acarigua. Seg\u00fan el reporte de las autoridades, los &hellip;<\/p>\n","protected":false},"author":1,"featured_media":14877,"comment_status":"open","ping_status":"open","sticky":false,"template":"","format":"standard","meta":{"_eb_attr":"","_jetpack_memberships_contains_paid_content":false,"footnotes":""},"categories":[34,27],"tags":[],"class_list":["post-14875","post","type-post","status-publish","format-standard","has-post-thumbnail","hentry","category-guayoyo24","category-sucesos"],"jetpack_sharing_enabled":true,"jetpack_featured_media_url":"https:\/\/guayoyo24.com\/website\/wp-content\/uploads\/2025\/01\/Imagen-de-WhatsApp-2025-01-13-a-las-06.52.43_2430a170.jpg","_links":{"self":[{"href":"https:\/\/guayoyo24.com\/website\/wp-json\/wp\/v2\/posts\/14875","targetHints":{"allow":["GET"]}}],"collection":[{"href":"https:\/\/guayoyo24.com\/website\/wp-json\/wp\/v2\/posts"}],"about":[{"href":"https:\/\/guayoyo24.com\/website\/wp-json\/wp\/v2\/types\/post"}],"author":[{"embeddable":true,"href":"https:\/\/guayoyo24.com\/website\/wp-json\/wp\/v2\/users\/1"}],"replies":[{"embeddable":true,"href":"https:\/\/guayoyo24.com\/website\/wp-json\/wp\/v2\/comments?post=14875"}],"version-history":[{"count":2,"href":"https:\/\/guayoyo24.com\/website\/wp-json\/wp\/v2\/posts\/14875\/revisions"}],"predecessor-version":[{"id":14946,"href":"https:\/\/guayoyo24.com\/website\/wp-json\/wp\/v2\/posts\/14875\/revisions\/14946"}],"wp:featuredmedia":[{"embeddable":true,"href":"https:\/\/guayoyo24.com\/website\/wp-json\/wp\/v2\/media\/14877"}],"wp:attachment":[{"href":"https:\/\/guayoyo24.com\/website\/wp-json\/wp\/v2\/media?parent=14875"}],"wp:term":[{"taxonomy":"category","embeddable":true,"href":"https:\/\/guayoyo24.com\/website\/wp-json\/wp\/v2\/categories?post=14875"},{"taxonomy":"post_tag","embeddable":true,"href":"https:\/\/guayoyo24.com\/website\/wp-json\/wp\/v2\/tags?post=14875"}],"curies":[{"name":"wp","href":"https:\/\/api.w.org\/{rel}","templated":true}]}}