{"id":15213,"date":"2025-01-26T10:07:50","date_gmt":"2025-01-26T14:07:50","guid":{"rendered":"https:\/\/guayoyo24.com\/website\/?p=15213"},"modified":"2025-01-26T10:11:25","modified_gmt":"2025-01-26T14:11:25","slug":"estudiantes-de-portuguesa-participaran-en-la-feria-estadal-de-innovacion","status":"publish","type":"post","link":"https:\/\/guayoyo24.com\/website\/2025\/01\/26\/estudiantes-de-portuguesa-participaran-en-la-feria-estadal-de-innovacion\/","title":{"rendered":"Estudiantes de Portuguesa participar\u00e1n en la Feria Estadal de Innovaci\u00f3n"},"content":{"rendered":"<p>&nbsp;<\/p>\n<p style=\"text-align: justify;\"><strong>Fundacite Portuguesa.-<\/strong><\/p>\n<p style=\"text-align: justify;\">Estudiantes de diferentes instituciones educativas de Portuguesa recibieron orientaci\u00f3n para el desarrollo de proyectos cient\u00edficos y tecnol\u00f3gicos que ser\u00e1n presentados en la Feria Estadal de Innovaci\u00f3n \u201cSemilleros Cient\u00edficos\u201d .<\/p>\n<p style=\"text-align: justify;\">La actividad, realizada en el Complejo Educativo 24 de Julio, ubicado en la comuna El Legado del Ara\u00f1ero, cont\u00f3 con la participaci\u00f3n de representantes de la Fundaci\u00f3n para el Desarrollo de la Ciencia y la Tecnolog\u00eda (Fundacite), ente adscrito al Ministerio para Ciencia y Tecnolog\u00eda, que ha colaborado con alumnos de sexto grado y ciclo diversificado del estado.<\/p>\n<p style=\"text-align: justify;\">Durante la jornada, se formaron cuatro equipos que se dedicar\u00e1n a la creaci\u00f3n de proyectos, incluyendo una categor\u00eda enfocada en la rob\u00f3tica creativa.<\/p>\n<p style=\"text-align: justify;\">Los pr\u00f3ximos encuentros se centrar\u00e1n en temas como la programaci\u00f3n, con un enfoque tambi\u00e9n en la capacitaci\u00f3n de los docentes tutores, lo que fortalecer\u00e1 la calidad de los proyectos presentados en las Ferias de Innovaci\u00f3n.<\/p>\n<p style=\"text-align: justify;\">Las Ferias Estadales de Innovaci\u00f3n, promovidas por el Ministerio del Poder Popular para la Ciencia y Tecnolog\u00eda (Mincyt), representan una valiosa plataforma para que los j\u00f3venes muestren sus habilidades y conocimientos en las diferentes \u00e1reas cient\u00edficas y tecnol\u00f3gicas.<\/p>\n<p><img fetchpriority=\"high\" decoding=\"async\" class=\"alignnone size-full wp-image-15205\" src=\"https:\/\/guayoyo24.com\/website\/wp-content\/uploads\/2025\/01\/Imagen-de-WhatsApp-2025-01-26-a-las-09.41.56_bceebacf.jpg\" alt=\"\" width=\"1080\" height=\"646\" srcset=\"https:\/\/guayoyo24.com\/website\/wp-content\/uploads\/2025\/01\/Imagen-de-WhatsApp-2025-01-26-a-las-09.41.56_bceebacf.jpg 1080w, https:\/\/guayoyo24.com\/website\/wp-content\/uploads\/2025\/01\/Imagen-de-WhatsApp-2025-01-26-a-las-09.41.56_bceebacf-300x179.jpg 300w, https:\/\/guayoyo24.com\/website\/wp-content\/uploads\/2025\/01\/Imagen-de-WhatsApp-2025-01-26-a-las-09.41.56_bceebacf-1024x613.jpg 1024w, https:\/\/guayoyo24.com\/website\/wp-content\/uploads\/2025\/01\/Imagen-de-WhatsApp-2025-01-26-a-las-09.41.56_bceebacf-768x459.jpg 768w\" sizes=\"(max-width: 1080px) 100vw, 1080px\" \/><\/p>\n<p>&nbsp;<\/p>\n","protected":false},"excerpt":{"rendered":"<p>&nbsp; Fundacite Portuguesa.- Estudiantes de diferentes instituciones educativas de Portuguesa recibieron orientaci\u00f3n para el desarrollo de proyectos cient\u00edficos y tecnol\u00f3gicos que ser\u00e1n presentados en la Feria Estadal de Innovaci\u00f3n \u201cSemilleros Cient\u00edficos\u201d . La actividad, realizada en el Complejo Educativo 24 de Julio, ubicado en la comuna El Legado del Ara\u00f1ero, cont\u00f3 con la participaci\u00f3n de &hellip;<\/p>\n","protected":false},"author":1,"featured_media":15206,"comment_status":"open","ping_status":"open","sticky":false,"template":"","format":"standard","meta":{"_eb_attr":"","_jetpack_memberships_contains_paid_content":false,"footnotes":""},"categories":[25],"tags":[],"class_list":["post-15213","post","type-post","status-publish","format-standard","has-post-thumbnail","hentry","category-region"],"jetpack_sharing_enabled":true,"jetpack_featured_media_url":"https:\/\/guayoyo24.com\/website\/wp-content\/uploads\/2025\/01\/Imagen-de-WhatsApp-2025-01-26-a-las-09.41.56_9884b38b.jpg","_links":{"self":[{"href":"https:\/\/guayoyo24.com\/website\/wp-json\/wp\/v2\/posts\/15213","targetHints":{"allow":["GET"]}}],"collection":[{"href":"https:\/\/guayoyo24.com\/website\/wp-json\/wp\/v2\/posts"}],"about":[{"href":"https:\/\/guayoyo24.com\/website\/wp-json\/wp\/v2\/types\/post"}],"author":[{"embeddable":true,"href":"https:\/\/guayoyo24.com\/website\/wp-json\/wp\/v2\/users\/1"}],"replies":[{"embeddable":true,"href":"https:\/\/guayoyo24.com\/website\/wp-json\/wp\/v2\/comments?post=15213"}],"version-history":[{"count":1,"href":"https:\/\/guayoyo24.com\/website\/wp-json\/wp\/v2\/posts\/15213\/revisions"}],"predecessor-version":[{"id":15214,"href":"https:\/\/guayoyo24.com\/website\/wp-json\/wp\/v2\/posts\/15213\/revisions\/15214"}],"wp:featuredmedia":[{"embeddable":true,"href":"https:\/\/guayoyo24.com\/website\/wp-json\/wp\/v2\/media\/15206"}],"wp:attachment":[{"href":"https:\/\/guayoyo24.com\/website\/wp-json\/wp\/v2\/media?parent=15213"}],"wp:term":[{"taxonomy":"category","embeddable":true,"href":"https:\/\/guayoyo24.com\/website\/wp-json\/wp\/v2\/categories?post=15213"},{"taxonomy":"post_tag","embeddable":true,"href":"https:\/\/guayoyo24.com\/website\/wp-json\/wp\/v2\/tags?post=15213"}],"curies":[{"name":"wp","href":"https:\/\/api.w.org\/{rel}","templated":true}]}}