{"id":15480,"date":"2025-02-01T12:30:28","date_gmt":"2025-02-01T16:30:28","guid":{"rendered":"https:\/\/guayoyo24.com\/website\/?p=15480"},"modified":"2025-02-09T13:19:00","modified_gmt":"2025-02-09T17:19:00","slug":"productores-de-portuguesa-recibieron-capacitacion-sobre-el-manejo-de-plagas-en-cultivos-de-cafe","status":"publish","type":"post","link":"https:\/\/guayoyo24.com\/website\/2025\/02\/01\/productores-de-portuguesa-recibieron-capacitacion-sobre-el-manejo-de-plagas-en-cultivos-de-cafe\/","title":{"rendered":"Productores de Portuguesa recibieron capacitaci\u00f3n sobre el manejo de plagas en cultivos de caf\u00e9"},"content":{"rendered":"<p>&nbsp;<\/p>\n<p>ACAV.-<\/p>\n<p>La Academia de Ciencias Agr\u00edcolas de Venezuela (ACAV) organiz\u00f3 una jornada de formaci\u00f3n sobre el manejo integrado de plagas en el cultivo de caf\u00e9, dirigida a productores de la Comuna El Cafetal, del estado Portuguesa.<\/p>\n<p>En la actividad, los productores aprendieron a reconocer los s\u00edntomas de las principales enfermedades que afectan al caf\u00e9, as\u00ed como a evaluar la incidencia y severidad de estas.<\/p>\n<p>De igual forma, debatieron c\u00f3mo identificar los insectos plaga que m\u00e1s afectan a la zona y c\u00f3mo evaluar los niveles de infestaci\u00f3n, lo que ayuda a crear estrategias efectivas para su control.<\/p>\n<p>Para este control, los especialistas de la ACAV abordaron con los productores el control biol\u00f3gico como una opci\u00f3n viable dentro del Manejo Integrado de Plagas, promoviendo pr\u00e1cticas m\u00e1s sostenibles y respetuosas con el medio ambiente.<\/p>\n<p>La jornada incluy\u00f3, adem\u00e1s, una sesi\u00f3n pr\u00e1ctica en campo, donde los asistentes aplicaron los conocimientos adquiridos para identificar plagas en los cafetales locales.<\/p>\n<p>Con estas actividades, el Gobierno Bolivariano fortalece las alianzas cient\u00edfico-tecnol\u00f3gicas para garantizar la seguridad agroalimentaria, a trav\u00e9s de la investigaci\u00f3n y\u00a0la\u00a0innovaci\u00f3n.<\/p>\n","protected":false},"excerpt":{"rendered":"<p>&nbsp; ACAV.- La Academia de Ciencias Agr\u00edcolas de Venezuela (ACAV) organiz\u00f3 una jornada de formaci\u00f3n sobre el manejo integrado de plagas en el cultivo de caf\u00e9, dirigida a productores de la Comuna El Cafetal, del estado Portuguesa. En la actividad, los productores aprendieron a reconocer los s\u00edntomas de las principales enfermedades que afectan al caf\u00e9, &hellip;<\/p>\n","protected":false},"author":1,"featured_media":15481,"comment_status":"open","ping_status":"open","sticky":false,"template":"","format":"standard","meta":{"_eb_attr":"","_jetpack_memberships_contains_paid_content":false,"footnotes":""},"categories":[25],"tags":[],"class_list":["post-15480","post","type-post","status-publish","format-standard","has-post-thumbnail","hentry","category-region"],"jetpack_sharing_enabled":true,"jetpack_featured_media_url":"https:\/\/guayoyo24.com\/website\/wp-content\/uploads\/2025\/02\/Imagen-de-WhatsApp-2025-02-01-a-las-09.06.45_bf1db5f9.jpg","_links":{"self":[{"href":"https:\/\/guayoyo24.com\/website\/wp-json\/wp\/v2\/posts\/15480","targetHints":{"allow":["GET"]}}],"collection":[{"href":"https:\/\/guayoyo24.com\/website\/wp-json\/wp\/v2\/posts"}],"about":[{"href":"https:\/\/guayoyo24.com\/website\/wp-json\/wp\/v2\/types\/post"}],"author":[{"embeddable":true,"href":"https:\/\/guayoyo24.com\/website\/wp-json\/wp\/v2\/users\/1"}],"replies":[{"embeddable":true,"href":"https:\/\/guayoyo24.com\/website\/wp-json\/wp\/v2\/comments?post=15480"}],"version-history":[{"count":1,"href":"https:\/\/guayoyo24.com\/website\/wp-json\/wp\/v2\/posts\/15480\/revisions"}],"predecessor-version":[{"id":15482,"href":"https:\/\/guayoyo24.com\/website\/wp-json\/wp\/v2\/posts\/15480\/revisions\/15482"}],"wp:featuredmedia":[{"embeddable":true,"href":"https:\/\/guayoyo24.com\/website\/wp-json\/wp\/v2\/media\/15481"}],"wp:attachment":[{"href":"https:\/\/guayoyo24.com\/website\/wp-json\/wp\/v2\/media?parent=15480"}],"wp:term":[{"taxonomy":"category","embeddable":true,"href":"https:\/\/guayoyo24.com\/website\/wp-json\/wp\/v2\/categories?post=15480"},{"taxonomy":"post_tag","embeddable":true,"href":"https:\/\/guayoyo24.com\/website\/wp-json\/wp\/v2\/tags?post=15480"}],"curies":[{"name":"wp","href":"https:\/\/api.w.org\/{rel}","templated":true}]}}