{"id":15490,"date":"2025-02-01T13:36:35","date_gmt":"2025-02-01T17:36:35","guid":{"rendered":"https:\/\/guayoyo24.com\/website\/?p=15490"},"modified":"2025-02-09T13:19:00","modified_gmt":"2025-02-09T17:19:00","slug":"conmemoran-los-210-anos-de-la-muere-del-gral-jose-felix-ribas","status":"publish","type":"post","link":"https:\/\/guayoyo24.com\/website\/2025\/02\/01\/conmemoran-los-210-anos-de-la-muere-del-gral-jose-felix-ribas\/","title":{"rendered":"Conmemoran los 210 a\u00f1os de la muere del Gral. Jos\u00e9 F\u00e9lix Ribas"},"content":{"rendered":"<p>Especial.-<\/p>\n<p>En la plaza Bol\u00edvar de Acarigua, se llev\u00f3 a cabo la conmemoraci\u00f3n de los 210 a\u00f1os de la siembra del Gral. Jos\u00e9 F\u00e9lix Ribas.<\/p>\n<p>El acto estuvo presidido por el alcalde Rafael Torrealba junto a su esposa Marilys P\u00e9rez, concejales y poder popular.<\/p>\n<p>El orador de la actividad fue el diputado a la Asamblea Nacional, Jhonatan Cede\u00f1o, quien fue presentado por el joven Didier Guerra de la Jpsuv P\u00e1ez.<\/p>\n<p>Desarrollaron actividades culturales y una muestra de la vida y obra del Gral. Jos\u00e9\u00a0F\u00e9lix\u00a0Ribas.<\/p>\n<p><img fetchpriority=\"high\" decoding=\"async\" class=\"alignnone size-full wp-image-15496\" src=\"https:\/\/guayoyo24.com\/website\/wp-content\/uploads\/2025\/02\/IMG-20250201-WA0130.jpg\" alt=\"\" width=\"1170\" height=\"780\" srcset=\"https:\/\/guayoyo24.com\/website\/wp-content\/uploads\/2025\/02\/IMG-20250201-WA0130.jpg 1170w, https:\/\/guayoyo24.com\/website\/wp-content\/uploads\/2025\/02\/IMG-20250201-WA0130-300x200.jpg 300w, https:\/\/guayoyo24.com\/website\/wp-content\/uploads\/2025\/02\/IMG-20250201-WA0130-1024x683.jpg 1024w, https:\/\/guayoyo24.com\/website\/wp-content\/uploads\/2025\/02\/IMG-20250201-WA0130-768x512.jpg 768w\" sizes=\"(max-width: 1170px) 100vw, 1170px\" \/><\/p>\n<p><img decoding=\"async\" class=\"alignnone size-full wp-image-15495\" src=\"https:\/\/guayoyo24.com\/website\/wp-content\/uploads\/2025\/02\/IMG-20250201-WA0129.jpg\" alt=\"\" width=\"1170\" height=\"780\" srcset=\"https:\/\/guayoyo24.com\/website\/wp-content\/uploads\/2025\/02\/IMG-20250201-WA0129.jpg 1170w, https:\/\/guayoyo24.com\/website\/wp-content\/uploads\/2025\/02\/IMG-20250201-WA0129-300x200.jpg 300w, https:\/\/guayoyo24.com\/website\/wp-content\/uploads\/2025\/02\/IMG-20250201-WA0129-1024x683.jpg 1024w, https:\/\/guayoyo24.com\/website\/wp-content\/uploads\/2025\/02\/IMG-20250201-WA0129-768x512.jpg 768w\" sizes=\"(max-width: 1170px) 100vw, 1170px\" \/><\/p>\n<p><img decoding=\"async\" class=\"alignnone size-full wp-image-15494\" src=\"https:\/\/guayoyo24.com\/website\/wp-content\/uploads\/2025\/02\/IMG-20250201-WA0128.jpg\" alt=\"\" width=\"1170\" height=\"780\" srcset=\"https:\/\/guayoyo24.com\/website\/wp-content\/uploads\/2025\/02\/IMG-20250201-WA0128.jpg 1170w, https:\/\/guayoyo24.com\/website\/wp-content\/uploads\/2025\/02\/IMG-20250201-WA0128-300x200.jpg 300w, https:\/\/guayoyo24.com\/website\/wp-content\/uploads\/2025\/02\/IMG-20250201-WA0128-1024x683.jpg 1024w, https:\/\/guayoyo24.com\/website\/wp-content\/uploads\/2025\/02\/IMG-20250201-WA0128-768x512.jpg 768w\" sizes=\"(max-width: 1170px) 100vw, 1170px\" \/><\/p>\n<p><img loading=\"lazy\" decoding=\"async\" class=\"alignnone size-full wp-image-15493\" src=\"https:\/\/guayoyo24.com\/website\/wp-content\/uploads\/2025\/02\/IMG-20250201-WA0127.jpg\" alt=\"\" width=\"1170\" height=\"780\" srcset=\"https:\/\/guayoyo24.com\/website\/wp-content\/uploads\/2025\/02\/IMG-20250201-WA0127.jpg 1170w, https:\/\/guayoyo24.com\/website\/wp-content\/uploads\/2025\/02\/IMG-20250201-WA0127-300x200.jpg 300w, https:\/\/guayoyo24.com\/website\/wp-content\/uploads\/2025\/02\/IMG-20250201-WA0127-1024x683.jpg 1024w, https:\/\/guayoyo24.com\/website\/wp-content\/uploads\/2025\/02\/IMG-20250201-WA0127-768x512.jpg 768w\" sizes=\"(max-width: 1170px) 100vw, 1170px\" \/><\/p>\n","protected":false},"excerpt":{"rendered":"<p>Especial.- En la plaza Bol\u00edvar de Acarigua, se llev\u00f3 a cabo la conmemoraci\u00f3n de los 210 a\u00f1os de la siembra del Gral. Jos\u00e9 F\u00e9lix Ribas. El acto estuvo presidido por el alcalde Rafael Torrealba junto a su esposa Marilys P\u00e9rez, concejales y poder popular. El orador de la actividad fue el diputado a la Asamblea &hellip;<\/p>\n","protected":false},"author":1,"featured_media":15491,"comment_status":"open","ping_status":"open","sticky":false,"template":"","format":"standard","meta":{"_eb_attr":"","_jetpack_memberships_contains_paid_content":false,"footnotes":""},"categories":[25],"tags":[],"class_list":["post-15490","post","type-post","status-publish","format-standard","has-post-thumbnail","hentry","category-region"],"jetpack_sharing_enabled":true,"jetpack_featured_media_url":"https:\/\/guayoyo24.com\/website\/wp-content\/uploads\/2025\/02\/IMG-20250201-WA0125.jpg","_links":{"self":[{"href":"https:\/\/guayoyo24.com\/website\/wp-json\/wp\/v2\/posts\/15490","targetHints":{"allow":["GET"]}}],"collection":[{"href":"https:\/\/guayoyo24.com\/website\/wp-json\/wp\/v2\/posts"}],"about":[{"href":"https:\/\/guayoyo24.com\/website\/wp-json\/wp\/v2\/types\/post"}],"author":[{"embeddable":true,"href":"https:\/\/guayoyo24.com\/website\/wp-json\/wp\/v2\/users\/1"}],"replies":[{"embeddable":true,"href":"https:\/\/guayoyo24.com\/website\/wp-json\/wp\/v2\/comments?post=15490"}],"version-history":[{"count":1,"href":"https:\/\/guayoyo24.com\/website\/wp-json\/wp\/v2\/posts\/15490\/revisions"}],"predecessor-version":[{"id":15497,"href":"https:\/\/guayoyo24.com\/website\/wp-json\/wp\/v2\/posts\/15490\/revisions\/15497"}],"wp:featuredmedia":[{"embeddable":true,"href":"https:\/\/guayoyo24.com\/website\/wp-json\/wp\/v2\/media\/15491"}],"wp:attachment":[{"href":"https:\/\/guayoyo24.com\/website\/wp-json\/wp\/v2\/media?parent=15490"}],"wp:term":[{"taxonomy":"category","embeddable":true,"href":"https:\/\/guayoyo24.com\/website\/wp-json\/wp\/v2\/categories?post=15490"},{"taxonomy":"post_tag","embeddable":true,"href":"https:\/\/guayoyo24.com\/website\/wp-json\/wp\/v2\/tags?post=15490"}],"curies":[{"name":"wp","href":"https:\/\/api.w.org\/{rel}","templated":true}]}}