{"id":15810,"date":"2025-02-12T09:11:25","date_gmt":"2025-02-12T13:11:25","guid":{"rendered":"https:\/\/guayoyo24.com\/website\/?p=15810"},"modified":"2025-02-12T09:11:25","modified_gmt":"2025-02-12T13:11:25","slug":"advertencia-de-israel-la-decision-de-hamas-de-no-liberar-a-los-rehenes-es-una-decision-de-volver-a-la-guerra","status":"publish","type":"post","link":"https:\/\/guayoyo24.com\/website\/2025\/02\/12\/advertencia-de-israel-la-decision-de-hamas-de-no-liberar-a-los-rehenes-es-una-decision-de-volver-a-la-guerra\/","title":{"rendered":"Advertencia de Israel: \u201cLa decisi\u00f3n de Hamas de no liberar a los rehenes es una decisi\u00f3n de volver a la guerra\u201d"},"content":{"rendered":"<p class=\"paragraph\" style=\"text-align: justify;\" data-mrf-recirculation=\"Links inline\">El ministro de Exteriores de Israel,\u00a0<b>Gideon Saar<\/b>, ha elevado el tono este martes durante un encuentro ante representantes diplom\u00e1ticos de estados miembros de la\u00a0<b>Uni\u00f3n Europea<\/b>\u00a0(UE) a los que ha manifestado que la decisi\u00f3n del Movimiento de Resistencia Isl\u00e1mica (Hamas) de pausar la liberaci\u00f3n de los rehenes implica \u201cvolver a la guerra\u201d.<\/p>\n<div class=\"news-module\" style=\"text-align: justify;\" data-mrf-recirculation=\"IL_GBLs3HYWRq2RgU4Qz8MM1Q\" data-testid=\"text-html\" data-mrf-experience=\"IL_GBLs3HYWRq2RgU4Qz8MM1Q\">\n<div class=\"recommended-card__info\"><\/div>\n<\/div>\n<p class=\"paragraph\" style=\"text-align: justify;\" data-mrf-recirculation=\"Links inline\"><b>\u201cLa decisi\u00f3n de Hamas de no liberar a los rehenes es una decisi\u00f3n de volver a la guerra\u201d<\/b>, ha se\u00f1alado, denunciando que el grupo \u201ctiene la intenci\u00f3n de violar el acuerdo\u201d, seg\u00fan las declaraciones recogidas por el diario \u2018Times of Israel\u2019.<\/p>\n<div class=\"inline ad-wrapper\" style=\"text-align: justify;\">\n<div class=\"dfpAd ad-inline\"><\/div>\n<\/div>\n<p class=\"paragraph\" style=\"text-align: justify;\" data-mrf-recirculation=\"Links inline\">El titular de la cartera diplom\u00e1tica israel\u00ed ha defendido que \u201chasta ahora no\u201d han tomado \u201cninguna medida unilateral\u201d, si bien las autoridades de la Franja de Gaza, bajo control de la organizaci\u00f3n islamista, han informado a principios de esta semana de que los ataques del Ej\u00e9rcito israel\u00ed durante el periodo de alto el fuego &#8211;que entr\u00f3 algo m\u00e1s de cuatro semanas&#8211; se han cobrado la vida de 92 personas y ha herido a m\u00e1s de 800.<\/p>\n<div class=\"news-module\" style=\"text-align: justify;\" data-mrf-recirculation=\"IL_m3kiGo-8SVS6m0U7OqrZLw\" data-testid=\"text-html\" data-mrf-experience=\"IL_m3kiGo-8SVS6m0U7OqrZLw\">\n<div class=\"recommended-card__info\">\n<div class=\"recommended-card__info-button recommended-card__info-button--deportes\">Saar ha asegurado que est\u00e1n \u201cpreparados para que Hamas intente atacar a Israel\u201d, despu\u00e9s de haber denunciado el estado de los \u00faltimos secuestrados que regresaron a su casa. \u201cLo que vimos el s\u00e1bado pasado fue grave: los rehenes liberados hab\u00edan perdido gran parte de su peso despu\u00e9s de haber sufrido hambre y haber sido torturados. Hay pruebas de ello\u201d.<\/div>\n<\/div>\n<\/div>\n<div class=\"inline_2_DSK ad-wrapper ad-desktop\" style=\"text-align: justify;\">\n<div class=\"dfpAd ad-inline\">El ministro se ha sumado as\u00ed a las recientes declaraciones del jefe del Ejecutivo israel\u00ed, <b>Benjamin Netanyahu,<\/b>\u00a0que este martes ha advertido de que las Fuerzas de Defensa de Israel (FDI) reanudar\u00e1n sus ataques en la Franja de Gaza si el grupo no libera a los rehenes que a\u00fan quedan bajo su custodia antes del s\u00e1bado antes del mediod\u00eda.<\/div>\n<\/div>\n<div class=\"news-module\" style=\"text-align: justify;\" data-mrf-recirculation=\"IL_wLyG9sjfRQKb8QO3fSLumw\" data-testid=\"text-html\" data-mrf-experience=\"IL_wLyG9sjfRQKb8QO3fSLumw\">\n<div class=\"recommended-card__info\"><\/div>\n<\/div>\n<div class=\"visual__image image-full-width\" style=\"text-align: justify;\"><picture><source srcset=\"https:\/\/www.infobae.com\/resizer\/v2\/MKANEDJBETQT32GQHGRQP232XI.jpg?auth=1501e955e368548722767da8164a1693976d47db6de628f05dc7a10d6ec1c761&amp;smart=true&amp;width=1200&amp;height=800&amp;quality=85\" media=\"(min-width: 1200px)\" \/><source srcset=\"https:\/\/www.infobae.com\/resizer\/v2\/MKANEDJBETQT32GQHGRQP232XI.jpg?auth=1501e955e368548722767da8164a1693976d47db6de628f05dc7a10d6ec1c761&amp;smart=true&amp;width=992&amp;height=661&amp;quality=85\" media=\"(min-width: 1000px)\" \/><source srcset=\"https:\/\/www.infobae.com\/resizer\/v2\/MKANEDJBETQT32GQHGRQP232XI.jpg?auth=1501e955e368548722767da8164a1693976d47db6de628f05dc7a10d6ec1c761&amp;smart=true&amp;width=768&amp;height=512&amp;quality=85\" media=\"(min-width: 768px)\" \/><source srcset=\"https:\/\/www.infobae.com\/resizer\/v2\/MKANEDJBETQT32GQHGRQP232XI.jpg?auth=1501e955e368548722767da8164a1693976d47db6de628f05dc7a10d6ec1c761&amp;smart=true&amp;width=577&amp;height=385&amp;quality=85\" media=\"(min-width: 580px)\" \/><source srcset=\"https:\/\/www.infobae.com\/resizer\/v2\/MKANEDJBETQT32GQHGRQP232XI.jpg?auth=1501e955e368548722767da8164a1693976d47db6de628f05dc7a10d6ec1c761&amp;smart=true&amp;width=420&amp;height=280&amp;quality=85\" media=\"(min-width: 350px)\" \/><source srcset=\"https:\/\/www.infobae.com\/resizer\/v2\/MKANEDJBETQT32GQHGRQP232XI.jpg?auth=1501e955e368548722767da8164a1693976d47db6de628f05dc7a10d6ec1c761&amp;smart=true&amp;width=350&amp;height=233&amp;quality=85\" media=\"(min-width: 80px)\" \/><img fetchpriority=\"high\" decoding=\"async\" class=\"global-image\" src=\"https:\/\/www.infobae.com\/resizer\/v2\/MKANEDJBETQT32GQHGRQP232XI.jpg?auth=1501e955e368548722767da8164a1693976d47db6de628f05dc7a10d6ec1c761&amp;smart=true&amp;width=350&amp;height=233&amp;quality=85\" alt=\"El primer ministro israel\u00ed, Benjamin\" width=\"1620\" height=\"1080\" \/><\/picture>El primer ministro israel\u00ed, Benjamin Netanyahu. Yair Sagi\/\/Pool v\u00eda REUTERS<\/div>\n<div style=\"text-align: justify;\"><\/div>\n<p class=\"paragraph\" style=\"text-align: justify;\" data-mrf-recirculation=\"Links inline\"><b>\u201cSi Hamas no libera a nuestros rehenes antes del mediod\u00eda del s\u00e1bado, el alto el fuego quedar\u00e1 roto y las FDI volver\u00e1n a combatir intensamente hasta que Hamas sea derrotado<\/b>\u201d, ha aseverado el mandatario israel\u00ed en una v\u00eddeo publicado en sus redes sociales tras una reuni\u00f3n con su gabinete de seguridad.<\/p>\n<p class=\"paragraph\" style=\"text-align: justify;\" data-mrf-recirculation=\"Links inline\">Las partes llegaron a mediados de enero a un acuerdo de alto el fuego en Gaza que adem\u00e1s iba acompa\u00f1ado de la liberaci\u00f3n de 33 rehenes israel\u00edes a cambio de cientos de presos palestinos en c\u00e1rceles israel\u00edes. El s\u00e1bado se concret\u00f3 el quinto intercambio, si bien el lunes Hamas anunci\u00f3 que pon\u00eda en pausa futuras entregas debido a que Israel estar\u00eda incumpliendo sus compromisos en materia humanitaria.<\/p>\n<p class=\"paragraph\" style=\"text-align: justify;\" data-mrf-recirculation=\"Links inline\"><i>(Con informaci\u00f3n de Europa Press)<\/i><\/p>\n","protected":false},"excerpt":{"rendered":"<p>El ministro de Exteriores de Israel,\u00a0Gideon Saar, ha elevado el tono este martes durante un encuentro ante representantes diplom\u00e1ticos de estados miembros de la\u00a0Uni\u00f3n Europea\u00a0(UE) a los que ha manifestado que la decisi\u00f3n del Movimiento de Resistencia Isl\u00e1mica (Hamas) de pausar la liberaci\u00f3n de los rehenes implica \u201cvolver a la guerra\u201d. \u201cLa decisi\u00f3n de Hamas &hellip;<\/p>\n","protected":false},"author":1,"featured_media":15811,"comment_status":"open","ping_status":"open","sticky":false,"template":"","format":"standard","meta":{"_eb_attr":"","_jetpack_memberships_contains_paid_content":false,"footnotes":""},"categories":[28],"tags":[],"class_list":["post-15810","post","type-post","status-publish","format-standard","has-post-thumbnail","hentry","category-mundo"],"jetpack_sharing_enabled":true,"jetpack_featured_media_url":"https:\/\/guayoyo24.com\/website\/wp-content\/uploads\/2025\/02\/SCLEZRXWLTMC2DEADZ5SSGY4W4.avif","_links":{"self":[{"href":"https:\/\/guayoyo24.com\/website\/wp-json\/wp\/v2\/posts\/15810","targetHints":{"allow":["GET"]}}],"collection":[{"href":"https:\/\/guayoyo24.com\/website\/wp-json\/wp\/v2\/posts"}],"about":[{"href":"https:\/\/guayoyo24.com\/website\/wp-json\/wp\/v2\/types\/post"}],"author":[{"embeddable":true,"href":"https:\/\/guayoyo24.com\/website\/wp-json\/wp\/v2\/users\/1"}],"replies":[{"embeddable":true,"href":"https:\/\/guayoyo24.com\/website\/wp-json\/wp\/v2\/comments?post=15810"}],"version-history":[{"count":1,"href":"https:\/\/guayoyo24.com\/website\/wp-json\/wp\/v2\/posts\/15810\/revisions"}],"predecessor-version":[{"id":15812,"href":"https:\/\/guayoyo24.com\/website\/wp-json\/wp\/v2\/posts\/15810\/revisions\/15812"}],"wp:featuredmedia":[{"embeddable":true,"href":"https:\/\/guayoyo24.com\/website\/wp-json\/wp\/v2\/media\/15811"}],"wp:attachment":[{"href":"https:\/\/guayoyo24.com\/website\/wp-json\/wp\/v2\/media?parent=15810"}],"wp:term":[{"taxonomy":"category","embeddable":true,"href":"https:\/\/guayoyo24.com\/website\/wp-json\/wp\/v2\/categories?post=15810"},{"taxonomy":"post_tag","embeddable":true,"href":"https:\/\/guayoyo24.com\/website\/wp-json\/wp\/v2\/tags?post=15810"}],"curies":[{"name":"wp","href":"https:\/\/api.w.org\/{rel}","templated":true}]}}