{"id":15834,"date":"2025-02-12T10:17:41","date_gmt":"2025-02-12T14:17:41","guid":{"rendered":"https:\/\/guayoyo24.com\/website\/?p=15834"},"modified":"2025-02-12T10:17:41","modified_gmt":"2025-02-12T14:17:41","slug":"en-la-aparicion-de-ospino-una-multitud-celebro-los-323-anos-de-la-virgen-de-la-corteza","status":"publish","type":"post","link":"https:\/\/guayoyo24.com\/website\/2025\/02\/12\/en-la-aparicion-de-ospino-una-multitud-celebro-los-323-anos-de-la-virgen-de-la-corteza\/","title":{"rendered":"En la Aparici\u00f3n de Ospino  Una multitud celebr\u00f3 los 323 a\u00f1os de la Virgen de La Corteza"},"content":{"rendered":"<p><strong>Ecopatrimonio 2025.-<\/strong><\/p>\n<p>Una multitud de devotos particip\u00f3 en los actos religiosos realizados, en la ma\u00f1ana de \u00e9ste martes 11 de febrero, en la Aparici\u00f3n de la Corteza, en el municipio Ospino, para celebrar los 323 a\u00f1os de la manifestaci\u00f3n de la Virgen a la mulata Margarita y a su hijo en 1702.<\/p>\n<p>Entre olor a incienso votivo y repiques de campanas, la imagen de la Patrona, adornada con flores ofrendadas por devotos, fue llevada en concurrida procesi\u00f3n que parti\u00f3 a las 8 y 30 de la ma\u00f1ana desde la iglesia parroquial hasta la Ermita, en recorrido casi dos kil\u00f3metros.<\/p>\n<p>C\u00f3mo es tradicional la Santa Misa se celebr\u00f3 en las afueras de la Ermita y se inici\u00f3 pasadas las diez de la ma\u00f1ana. La celebraci\u00f3n fue<br \/>\nPresidida por P\u00e1rroco local Antonio Garc\u00eda Granados y tuvo como concelebrantes al Presb\u00edtero Francisco Melchor, P\u00e1rroco de Ospino y al Presb\u00edtero Anthony P\u00e9rez, Vicario de Guanarito.<\/p>\n<p>En la concurrida misa se not\u00f3 la presencia de muchos peregrinos que se trasladaron desde Ospino y de los pueblos y caser\u00edos cercanos a La Aparici\u00f3n.<\/p>\n<p>El Padre Garc\u00eda Granados reflexion\u00f3 en su homil\u00eda acerca del papel de la Virgen Mar\u00eda en el plan de la salvaci\u00f3n y sobre su disciplina y disposici\u00f3n a aceptar y cumplir la voluntad de Dios.<\/p>\n<p>El religioso tambi\u00e9n subray\u00f3 que \u201cLa madre de Dios debe estar contenta por esta fiesta Patronal que ha tenido gran participaci\u00f3n de los fieles\u201d.<\/p>\n<p>Al acto asistieron autoridades locales, entre ellos, el Presidente del Concejo Municipal de Ospino, Lcdo. Derwing Torres: el Concejal Claudio Rodr\u00edguez; la Profesora Teresa P\u00e9rez quien es Responsable de Asuntos Religiosos del partido de gobierno en Ospino, adem\u00e1s del Cronista del Municipio Lcdo. Orlando Cortez y el Cronista Parroquial Abg. Alfredo Torres Quiroz.<\/p>\n<p><img fetchpriority=\"high\" decoding=\"async\" class=\"alignnone size-full wp-image-15835\" src=\"https:\/\/guayoyo24.com\/website\/wp-content\/uploads\/2025\/02\/unnamed-1.jpg\" alt=\"\" width=\"1920\" height=\"2560\" srcset=\"https:\/\/guayoyo24.com\/website\/wp-content\/uploads\/2025\/02\/unnamed-1.jpg 1920w, https:\/\/guayoyo24.com\/website\/wp-content\/uploads\/2025\/02\/unnamed-1-225x300.jpg 225w, https:\/\/guayoyo24.com\/website\/wp-content\/uploads\/2025\/02\/unnamed-1-768x1024.jpg 768w, https:\/\/guayoyo24.com\/website\/wp-content\/uploads\/2025\/02\/unnamed-1-1152x1536.jpg 1152w, https:\/\/guayoyo24.com\/website\/wp-content\/uploads\/2025\/02\/unnamed-1-1536x2048.jpg 1536w\" sizes=\"(max-width: 1920px) 100vw, 1920px\" \/><\/p>\n","protected":false},"excerpt":{"rendered":"<p>Ecopatrimonio 2025.- Una multitud de devotos particip\u00f3 en los actos religiosos realizados, en la ma\u00f1ana de \u00e9ste martes 11 de febrero, en la Aparici\u00f3n de la Corteza, en el municipio Ospino, para celebrar los 323 a\u00f1os de la manifestaci\u00f3n de la Virgen a la mulata Margarita y a su hijo en 1702. Entre olor a &hellip;<\/p>\n","protected":false},"author":1,"featured_media":15836,"comment_status":"open","ping_status":"open","sticky":false,"template":"","format":"standard","meta":{"_eb_attr":"","_jetpack_memberships_contains_paid_content":false,"footnotes":""},"categories":[25],"tags":[],"class_list":["post-15834","post","type-post","status-publish","format-standard","has-post-thumbnail","hentry","category-region"],"jetpack_sharing_enabled":true,"jetpack_featured_media_url":"https:\/\/guayoyo24.com\/website\/wp-content\/uploads\/2025\/02\/unnamed.jpg","_links":{"self":[{"href":"https:\/\/guayoyo24.com\/website\/wp-json\/wp\/v2\/posts\/15834","targetHints":{"allow":["GET"]}}],"collection":[{"href":"https:\/\/guayoyo24.com\/website\/wp-json\/wp\/v2\/posts"}],"about":[{"href":"https:\/\/guayoyo24.com\/website\/wp-json\/wp\/v2\/types\/post"}],"author":[{"embeddable":true,"href":"https:\/\/guayoyo24.com\/website\/wp-json\/wp\/v2\/users\/1"}],"replies":[{"embeddable":true,"href":"https:\/\/guayoyo24.com\/website\/wp-json\/wp\/v2\/comments?post=15834"}],"version-history":[{"count":1,"href":"https:\/\/guayoyo24.com\/website\/wp-json\/wp\/v2\/posts\/15834\/revisions"}],"predecessor-version":[{"id":15837,"href":"https:\/\/guayoyo24.com\/website\/wp-json\/wp\/v2\/posts\/15834\/revisions\/15837"}],"wp:featuredmedia":[{"embeddable":true,"href":"https:\/\/guayoyo24.com\/website\/wp-json\/wp\/v2\/media\/15836"}],"wp:attachment":[{"href":"https:\/\/guayoyo24.com\/website\/wp-json\/wp\/v2\/media?parent=15834"}],"wp:term":[{"taxonomy":"category","embeddable":true,"href":"https:\/\/guayoyo24.com\/website\/wp-json\/wp\/v2\/categories?post=15834"},{"taxonomy":"post_tag","embeddable":true,"href":"https:\/\/guayoyo24.com\/website\/wp-json\/wp\/v2\/tags?post=15834"}],"curies":[{"name":"wp","href":"https:\/\/api.w.org\/{rel}","templated":true}]}}