{"id":15838,"date":"2025-02-12T10:32:31","date_gmt":"2025-02-12T14:32:31","guid":{"rendered":"https:\/\/guayoyo24.com\/website\/?p=15838"},"modified":"2025-02-12T10:32:31","modified_gmt":"2025-02-12T14:32:31","slug":"portuguesa-celebrara-los-50-anos-de-musica-y-transformacion-social-de-el-sistema","status":"publish","type":"post","link":"https:\/\/guayoyo24.com\/website\/2025\/02\/12\/portuguesa-celebrara-los-50-anos-de-musica-y-transformacion-social-de-el-sistema\/","title":{"rendered":"Portuguesa celebrar\u00e1 los 50 a\u00f1os de M\u00fasica y Transformaci\u00f3n Social de El Sistema"},"content":{"rendered":"<p style=\"text-align: justify;\"><strong>Jorveis Ortegano Valecillo.-<\/strong><\/p>\n<p style=\"text-align: justify;\">El Sistema Nacional de Orquestas y Coros Juveniles e Infantiles de Venezuela, un pilar fundamental en la formaci\u00f3n musical y social de miles de ni\u00f1os y j\u00f3venes en el pa\u00eds, se prepara para conmemorar sus 50 a\u00f1os de trayectoria.<\/p>\n<p style=\"text-align: justify;\">Este importante acontecimiento ser\u00e1 celebrado en Portuguesa con dos megas conciertos gratuitos que reunir\u00e1 a m\u00e1s de 2 mil 800 m\u00fasicos locales. La informaci\u00f3n fue aportada por la maestra Raquel Castillo, gerente estadal de El Sistema en la regi\u00f3n.<\/p>\n<p style=\"text-align: justify;\">Castillo, dio a conocer que los actos centrales se llevar\u00e1n a cabo el s\u00e1bado 15 de febrero. En el Cono Norte, a las 3:00 p.m., el Instituto Municipal de Deporte y Recreaci\u00f3n de Araure (INDRA) reunir\u00e1 a 800 m\u00fasicos provenientes de Tur\u00e9n, Agua Blanca, P\u00e1ez y Araure. Mientras que en Cono Sur, a las 5:00 p.m., se unir\u00e1n 2 mil talentos de Ospino, Guanarito, Papel\u00f3n, San Genaro de Boconoito, Biscucuy y el municipio anfitri\u00f3n, en la Plaza Miranda de Guanare.<\/p>\n<p style=\"text-align: justify;\">La titular de El Sistema en Portuguesa declar\u00f3 que estar\u00e1n presentes todas las agrupaciones musicales pertenecientes a los programas acad\u00e9micos: Orquestal, Coral, Alma Llanera, Iniciaci\u00f3n Musical, Sim\u00f3n Bol\u00edvar y Educaci\u00f3n Especial. El p\u00fablico podr\u00e1 disfrutar de un repertorio variado que incluir\u00e1 piezas sinf\u00f3nicas, corales y folcl\u00f3ricas.<\/p>\n<p style=\"text-align: justify;\">\u201cPor primera vez, nos aventuramos en la emocionante odisea de reunir a este n\u00famero de m\u00fasicos\u201d, declar\u00f3. A\u00f1adi\u00f3 que este evento representa no solo un reto, sino tambi\u00e9n una oportunidad hist\u00f3rica tanto para los m\u00fasicos que se presentar\u00e1n como para todos aquellos que se unan a nosotros. \u201cLa energ\u00eda al ver a tantos talentos juntos es incomparable, y estamos seguros de que ser\u00e1 un evento hist\u00f3rico en Portuguesa\u201d, destac\u00f3.<\/p>\n<p style=\"text-align: justify;\">Declar\u00f3 que este evento cuenta con el apoyo de la Gobernaci\u00f3n del estado Portuguesa, junto a las Alcald\u00edas de Araure y Guanare. Aprovech\u00f3 la oportunidad para invitar a la colectividad a ser parte de esta aventura musical. \u201cAcompa\u00f1en a estos artistas que dar\u00e1n lo mejor de s\u00ed para ofrecer un espect\u00e1culo memorable. La m\u00fasica tiene el poder de unirnos y queremos que todos vivan esta experiencia junto a nosotros\u201d, puntualiz\u00f3.<\/p>\n<p style=\"text-align: justify;\">Un legado musical invaluable<\/p>\n<p style=\"text-align: justify;\">El Sistema, fundado en 1975 por el maestro Jos\u00e9 Antonio Abreu, ha sido un pilar fundamental en la educaci\u00f3n musical en el pa\u00eds. Con la visi\u00f3n de ofrecer acceso a la m\u00fasica a todos los ni\u00f1os y j\u00f3venes, este programa social ha evolucionado hasta convertirse en un referente mundial en la formaci\u00f3n orquestal y coral.<\/p>\n<p style=\"text-align: justify;\">A nivel nacional, la instituci\u00f3n tiene presencia en todo el territorio del pa\u00eds con 443 N\u00facleos (sedes), beneficiando a m\u00e1s de 1 mill\u00f3n de ni\u00f1os, ni\u00f1as y j\u00f3venes m\u00fasicos. La organizaci\u00f3n cuenta con 7.722 agrupaciones orquestales, 694 agrupaciones del Programa Alma Llanera, 1.426 agrupaciones corales, 1.772 agrupaciones de iniciaci\u00f3n musical y m\u00e1s de 1.700 m\u00f3dulos escolares. Adem\u00e1s, ha logrado establecer n\u00facleos orquestales y programas educativos inspirados en su modelo en m\u00e1s de 70 pa\u00edses.<\/p>\n<p style=\"text-align: justify;\">En Portuguesa, son aproximadamente 2 mil 900 ni\u00f1os, ni\u00f1as y adolescentes los que se benefician del programa social en 11 n\u00facleos orquestales desplegados en los los municipios Guanare, Araure, Guanarito, Ospino, Agua Blanca, Tur\u00e9n, Biscucuy, Papel\u00f3n y San Genaro de Boconoito. Tambi\u00e9n se atienden a 43 mil 517 alumnos que viven el milagro de la m\u00fasica en sus aulas escolares gracias al Programa Sim\u00f3n Bol\u00edvar.<\/p>\n","protected":false},"excerpt":{"rendered":"<p>Jorveis Ortegano Valecillo.- El Sistema Nacional de Orquestas y Coros Juveniles e Infantiles de Venezuela, un pilar fundamental en la formaci\u00f3n musical y social de miles de ni\u00f1os y j\u00f3venes en el pa\u00eds, se prepara para conmemorar sus 50 a\u00f1os de trayectoria. Este importante acontecimiento ser\u00e1 celebrado en Portuguesa con dos megas conciertos gratuitos que &hellip;<\/p>\n","protected":false},"author":1,"featured_media":15839,"comment_status":"open","ping_status":"open","sticky":false,"template":"","format":"standard","meta":{"_eb_attr":"","_jetpack_memberships_contains_paid_content":false,"footnotes":""},"categories":[31],"tags":[],"class_list":["post-15838","post","type-post","status-publish","format-standard","has-post-thumbnail","hentry","category-arte-cultura"],"jetpack_sharing_enabled":true,"jetpack_featured_media_url":"https:\/\/guayoyo24.com\/website\/wp-content\/uploads\/2025\/02\/1-5.jpg","_links":{"self":[{"href":"https:\/\/guayoyo24.com\/website\/wp-json\/wp\/v2\/posts\/15838","targetHints":{"allow":["GET"]}}],"collection":[{"href":"https:\/\/guayoyo24.com\/website\/wp-json\/wp\/v2\/posts"}],"about":[{"href":"https:\/\/guayoyo24.com\/website\/wp-json\/wp\/v2\/types\/post"}],"author":[{"embeddable":true,"href":"https:\/\/guayoyo24.com\/website\/wp-json\/wp\/v2\/users\/1"}],"replies":[{"embeddable":true,"href":"https:\/\/guayoyo24.com\/website\/wp-json\/wp\/v2\/comments?post=15838"}],"version-history":[{"count":1,"href":"https:\/\/guayoyo24.com\/website\/wp-json\/wp\/v2\/posts\/15838\/revisions"}],"predecessor-version":[{"id":15840,"href":"https:\/\/guayoyo24.com\/website\/wp-json\/wp\/v2\/posts\/15838\/revisions\/15840"}],"wp:featuredmedia":[{"embeddable":true,"href":"https:\/\/guayoyo24.com\/website\/wp-json\/wp\/v2\/media\/15839"}],"wp:attachment":[{"href":"https:\/\/guayoyo24.com\/website\/wp-json\/wp\/v2\/media?parent=15838"}],"wp:term":[{"taxonomy":"category","embeddable":true,"href":"https:\/\/guayoyo24.com\/website\/wp-json\/wp\/v2\/categories?post=15838"},{"taxonomy":"post_tag","embeddable":true,"href":"https:\/\/guayoyo24.com\/website\/wp-json\/wp\/v2\/tags?post=15838"}],"curies":[{"name":"wp","href":"https:\/\/api.w.org\/{rel}","templated":true}]}}