{"id":16307,"date":"2025-02-20T09:14:48","date_gmt":"2025-02-20T13:14:48","guid":{"rendered":"https:\/\/guayoyo24.com\/website\/?p=16307"},"modified":"2025-02-20T09:15:10","modified_gmt":"2025-02-20T13:15:10","slug":"tarek-william-saab-mp-enjuiciara-a-responsables-de-las-violentas-acciones-ocurridas-en-la-guayana-esequiba","status":"publish","type":"post","link":"https:\/\/guayoyo24.com\/website\/2025\/02\/20\/tarek-william-saab-mp-enjuiciara-a-responsables-de-las-violentas-acciones-ocurridas-en-la-guayana-esequiba\/","title":{"rendered":"Cabello asegura que Capriles y Rosales se rivalizan por el liderazgo opositor tras el fracaso de MCM"},"content":{"rendered":"<div style=\"text-align: justify;\">El\u00a0<b>secretario general del Partido Socialista Unido de Venezuela (PSUV), Diosdado Cabello<\/b>, asegura que se ha desatado\u00a0una disputa entre\u00a0<b>Henrique Capriles, exgobernador del estado Miranda<\/b>\u00a0y dirigente pol\u00edtico y el actual\u00a0<b>gobernador del estado Zulia, Manuel Rosales.<\/b><\/div>\n<div style=\"text-align: justify;\"><\/div>\n<div style=\"text-align: justify;\">Este mi\u00e9rcoles durante la secci\u00f3n\u00a0<b>\u00abLos mazazos\u00bb<\/b>\u00a0del espacio televisivo conducido por Cabello, \u00e9ste narr\u00f3, seg\u00fan fuentes cercanas al exgobernador, que al enterarse de la gira que estar\u00eda planificando Rosales, de cara a las\u00a0<b>elecciones regionales<\/b>, para apoyar la participaci\u00f3n ciudadana y en provecho del fracaso de la\u00a0<b>extremista Mar\u00eda Corina Machado<\/b>, realiz\u00f3 movimientos estrat\u00e9gicos para adelantarse al burgomaestre zuliano.<\/div>\n<div style=\"text-align: justify;\"><\/div>\n<blockquote><p>\u00ab&#8216;Pejoteco&#8217; te mand\u00f3 a decir que como el &#8216;fantasma de Capriles&#8217; se hab\u00eda enterado que Manuel Rosales, alias &#8216;fil\u00f3sofo del Zulia&#8217;, iba a salir de gira por todo el pa\u00eds e iba a dar una rueda de prensa para llamar a votar y capitalizar el fracaso de &#8216;La Sayo&#8217; (Mar\u00eda Corina Machado), el Capriles se tir\u00f3 una de vivo y sali\u00f3 ayer (martes) hablando para picar adelante a Rosales\u00bb, relat\u00f3 Cabello.<\/p><\/blockquote>\n<div style=\"text-align: justify;\"><\/div>\n<div style=\"text-align: justify;\">En palabras del dirigente de la tolda rojo,\u00a0ambos pol\u00edticos (Capriles &#8211; Rosales) est\u00e1n inmersos en una lucha para ver qui\u00e9n logra capitalizar mejor el\u00a0<b>vac\u00edo de liderazgo<\/b>\u00a0y la desesperanza que dej\u00f3 las recientes\u00a0<b>elecciones<\/b>.<\/div>\n<div style=\"text-align: justify;\">\n<blockquote><p>Este martes, Capriles fustig\u00f3 al excandidato\u00a0<b>Edmundo Gonz\u00e1lez Urrutia<\/b>, calific\u00e1ndolo de poco serio por su incapacidad de liderazgo al no cumplir con la \u00abpromesa\u00bb de juramentarse el pasado\u00a0<b>10 de enero<\/b>.\u00a0\u201cLa gente merece una explicaci\u00f3n\u201d, dijo.<\/p><\/blockquote>\n<\/div>\n<div style=\"text-align: justify;\"><\/div>\n<div style=\"text-align: justify;\">Sacudi\u00f3 durante una rueda de prensa que \u201cel 10 de enero Edmundo Gonz\u00e1lez dijo que ven\u00eda a Caracas, yo la verdad no s\u00e9 qui\u00e9n est\u00e1 asesorando a mi amigo Edmundo Gonz\u00e1lez, porque tengo respeto por \u00e9l y por su familia\u00bb.<\/div>\n<div style=\"text-align: justify;\"><\/div>\n<div style=\"text-align: justify;\">Mientras, desaprob\u00f3 a sectores que reiteran en su llamado al abstencionismo. \u00abAbstenerse, como lo han sugerido algunos sectores extreminstas, significa claudicar\u201d.<\/div>\n<div style=\"text-align: justify;\"><\/div>\n","protected":false},"excerpt":{"rendered":"<p>El\u00a0secretario general del Partido Socialista Unido de Venezuela (PSUV), Diosdado Cabello, asegura que se ha desatado\u00a0una disputa entre\u00a0Henrique Capriles, exgobernador del estado Miranda\u00a0y dirigente pol\u00edtico y el actual\u00a0gobernador del estado Zulia, Manuel Rosales. Este mi\u00e9rcoles durante la secci\u00f3n\u00a0\u00abLos mazazos\u00bb\u00a0del espacio televisivo conducido por Cabello, \u00e9ste narr\u00f3, seg\u00fan fuentes cercanas al exgobernador, que al enterarse de &hellip;<\/p>\n","protected":false},"author":1,"featured_media":16308,"comment_status":"open","ping_status":"open","sticky":false,"template":"","format":"standard","meta":{"_eb_attr":"","_jetpack_memberships_contains_paid_content":false,"footnotes":""},"categories":[26],"tags":[],"class_list":["post-16307","post","type-post","status-publish","format-standard","has-post-thumbnail","hentry","category-nacionales"],"jetpack_sharing_enabled":true,"jetpack_featured_media_url":"https:\/\/guayoyo24.com\/website\/wp-content\/uploads\/2025\/02\/cortesia-secretario-general-del-psuv-diosdado-cabello-36654.jpg","_links":{"self":[{"href":"https:\/\/guayoyo24.com\/website\/wp-json\/wp\/v2\/posts\/16307","targetHints":{"allow":["GET"]}}],"collection":[{"href":"https:\/\/guayoyo24.com\/website\/wp-json\/wp\/v2\/posts"}],"about":[{"href":"https:\/\/guayoyo24.com\/website\/wp-json\/wp\/v2\/types\/post"}],"author":[{"embeddable":true,"href":"https:\/\/guayoyo24.com\/website\/wp-json\/wp\/v2\/users\/1"}],"replies":[{"embeddable":true,"href":"https:\/\/guayoyo24.com\/website\/wp-json\/wp\/v2\/comments?post=16307"}],"version-history":[{"count":2,"href":"https:\/\/guayoyo24.com\/website\/wp-json\/wp\/v2\/posts\/16307\/revisions"}],"predecessor-version":[{"id":16310,"href":"https:\/\/guayoyo24.com\/website\/wp-json\/wp\/v2\/posts\/16307\/revisions\/16310"}],"wp:featuredmedia":[{"embeddable":true,"href":"https:\/\/guayoyo24.com\/website\/wp-json\/wp\/v2\/media\/16308"}],"wp:attachment":[{"href":"https:\/\/guayoyo24.com\/website\/wp-json\/wp\/v2\/media?parent=16307"}],"wp:term":[{"taxonomy":"category","embeddable":true,"href":"https:\/\/guayoyo24.com\/website\/wp-json\/wp\/v2\/categories?post=16307"},{"taxonomy":"post_tag","embeddable":true,"href":"https:\/\/guayoyo24.com\/website\/wp-json\/wp\/v2\/tags?post=16307"}],"curies":[{"name":"wp","href":"https:\/\/api.w.org\/{rel}","templated":true}]}}