{"id":16318,"date":"2025-02-20T09:24:34","date_gmt":"2025-02-20T13:24:34","guid":{"rendered":"https:\/\/guayoyo24.com\/website\/?p=16318"},"modified":"2025-02-20T09:24:34","modified_gmt":"2025-02-20T13:24:34","slug":"el-papa-francisco-esta-leyendo-y-firmando-documentos-en-el-hospital-dicen-fuentes-del-vaticano","status":"publish","type":"post","link":"https:\/\/guayoyo24.com\/website\/2025\/02\/20\/el-papa-francisco-esta-leyendo-y-firmando-documentos-en-el-hospital-dicen-fuentes-del-vaticano\/","title":{"rendered":"El papa Francisco est\u00e1 leyendo y firmando documentos en el hospital, dicen fuentes del Vaticano"},"content":{"rendered":"<div style=\"text-align: justify;\">El papa Francisco pas\u00f3 una noche tranquila en el hospital y se levant\u00f3 a desayunar en un sill\u00f3n, inform\u00f3 este jueves el Vaticano, dos d\u00edas despu\u00e9s de que al\u00a0pont\u00edfice de 88 a\u00f1os le diagnosticaran una neumon\u00eda en ambos pulmones.<\/div>\n<div style=\"text-align: justify;\"><\/div>\n<div style=\"text-align: justify;\">El papa estuvo leyendo y firmando documentos en el hospital, dijo una fuente del Vaticano, y a\u00f1adi\u00f3 que sus \u201ccolaboradores m\u00e1s cercanos\u201d estaban con \u00e9l.<\/div>\n<div style=\"text-align: justify;\"><\/div>\n<div style=\"text-align: justify;\"><\/div>\n<div style=\"text-align: justify;\">Francisco, que ha estado hospitalizado desde la semana pasada despu\u00e9s de estar plagado de una serie de problemas m\u00e9dicos relacionados con el pulm\u00f3n, fue diagnosticado el martes con neumon\u00eda en ambos pulmones.<\/div>\n<div style=\"text-align: justify;\"><\/div>\n<div style=\"text-align: justify;\"><b>Fuente: CNN<\/b><\/div>\n","protected":false},"excerpt":{"rendered":"<p>El papa Francisco pas\u00f3 una noche tranquila en el hospital y se levant\u00f3 a desayunar en un sill\u00f3n, inform\u00f3 este jueves el Vaticano, dos d\u00edas despu\u00e9s de que al\u00a0pont\u00edfice de 88 a\u00f1os le diagnosticaran una neumon\u00eda en ambos pulmones. El papa estuvo leyendo y firmando documentos en el hospital, dijo una fuente del Vaticano, y &hellip;<\/p>\n","protected":false},"author":1,"featured_media":16319,"comment_status":"open","ping_status":"open","sticky":false,"template":"","format":"standard","meta":{"_eb_attr":"","_jetpack_memberships_contains_paid_content":false,"footnotes":""},"categories":[28],"tags":[],"class_list":["post-16318","post","type-post","status-publish","format-standard","has-post-thumbnail","hentry","category-mundo"],"jetpack_sharing_enabled":true,"jetpack_featured_media_url":"https:\/\/guayoyo24.com\/website\/wp-content\/uploads\/2025\/02\/papa-francisco-19448.jpg","_links":{"self":[{"href":"https:\/\/guayoyo24.com\/website\/wp-json\/wp\/v2\/posts\/16318","targetHints":{"allow":["GET"]}}],"collection":[{"href":"https:\/\/guayoyo24.com\/website\/wp-json\/wp\/v2\/posts"}],"about":[{"href":"https:\/\/guayoyo24.com\/website\/wp-json\/wp\/v2\/types\/post"}],"author":[{"embeddable":true,"href":"https:\/\/guayoyo24.com\/website\/wp-json\/wp\/v2\/users\/1"}],"replies":[{"embeddable":true,"href":"https:\/\/guayoyo24.com\/website\/wp-json\/wp\/v2\/comments?post=16318"}],"version-history":[{"count":1,"href":"https:\/\/guayoyo24.com\/website\/wp-json\/wp\/v2\/posts\/16318\/revisions"}],"predecessor-version":[{"id":16320,"href":"https:\/\/guayoyo24.com\/website\/wp-json\/wp\/v2\/posts\/16318\/revisions\/16320"}],"wp:featuredmedia":[{"embeddable":true,"href":"https:\/\/guayoyo24.com\/website\/wp-json\/wp\/v2\/media\/16319"}],"wp:attachment":[{"href":"https:\/\/guayoyo24.com\/website\/wp-json\/wp\/v2\/media?parent=16318"}],"wp:term":[{"taxonomy":"category","embeddable":true,"href":"https:\/\/guayoyo24.com\/website\/wp-json\/wp\/v2\/categories?post=16318"},{"taxonomy":"post_tag","embeddable":true,"href":"https:\/\/guayoyo24.com\/website\/wp-json\/wp\/v2\/tags?post=16318"}],"curies":[{"name":"wp","href":"https:\/\/api.w.org\/{rel}","templated":true}]}}