{"id":16347,"date":"2025-02-20T10:16:13","date_gmt":"2025-02-20T14:16:13","guid":{"rendered":"https:\/\/guayoyo24.com\/website\/?p=16347"},"modified":"2025-02-20T10:25:06","modified_gmt":"2025-02-20T14:25:06","slug":"jornadas-de-recoleccion-de-semillas-y-voluntariado-ambiental-en-portuguesa","status":"publish","type":"post","link":"https:\/\/guayoyo24.com\/website\/2025\/02\/20\/jornadas-de-recoleccion-de-semillas-y-voluntariado-ambiental-en-portuguesa\/","title":{"rendered":"Jornadas de Recolecci\u00f3n de Semillas y Voluntariado Ambiental en Portuguesa"},"content":{"rendered":"<p style=\"text-align: justify;\"><strong> MINEC.-<\/strong><\/p>\n<p style=\"text-align: justify;\">En el marco del Plan Nacional de Reforestaci\u00f3n 2025-2026, el MINEC Portuguesa, a trav\u00e9s de la Unidad de Producci\u00f3n de Viveros y Cuencas Hidrogr\u00e1ficas, ha impulsado jornadas de recolecci\u00f3n de semillas en varios municipios (Araure, P\u00e1ez, Guanare, Sucre y Guanarito). Aprovechando la \u00e9poca de sequ\u00eda, se han recolectado semillas de especies forestales valiosas como Sam\u00e1n, Teca, Guamo, Sangre de Drago, Acacia Amarilla, Flamboy\u00e1n y Roble, as\u00ed como de la especie frutal Pumagas.<\/p>\n<p><img fetchpriority=\"high\" decoding=\"async\" class=\"alignnone size-full wp-image-16348\" src=\"https:\/\/guayoyo24.com\/website\/wp-content\/uploads\/2025\/02\/02.webp\" alt=\"\" width=\"1080\" height=\"819\" srcset=\"https:\/\/guayoyo24.com\/website\/wp-content\/uploads\/2025\/02\/02.webp 1080w, https:\/\/guayoyo24.com\/website\/wp-content\/uploads\/2025\/02\/02-300x228.webp 300w, https:\/\/guayoyo24.com\/website\/wp-content\/uploads\/2025\/02\/02-1024x777.webp 1024w, https:\/\/guayoyo24.com\/website\/wp-content\/uploads\/2025\/02\/02-768x582.webp 768w\" sizes=\"(max-width: 1080px) 100vw, 1080px\" \/><\/p>\n<p style=\"text-align: justify;\">Estas semillas ser\u00e1n fundamentales para las pr\u00f3ximas plantaciones, que se llevar\u00e1n a cabo al inicio de la temporada de lluvias, con el objetivo de restaurar los espacios naturales. Esta iniciativa es resultado de las pol\u00edticas ambientales promovidas por el Presidente Nicol\u00e1s Maduro, el Ministro Ricardo Molina y el Gobernador Primitivo Cede\u00f1o.<\/p>\n<p style=\"text-align: justify;\">Adicionalmente, se ha llevado a cabo una jornada de voluntariado para el mantenimiento y ornato del parque Las Terrazas y la plaza Hugo Ch\u00e1vez, con la participaci\u00f3n de Tupamaro, la Alcald\u00eda del Municipio Papel\u00f3n, voluntarios y el MINEC.<\/p>\n<p><img decoding=\"async\" class=\"alignnone size-full wp-image-16352\" src=\"https:\/\/guayoyo24.com\/website\/wp-content\/uploads\/2025\/02\/05.webp\" alt=\"\" width=\"1080\" height=\"810\" srcset=\"https:\/\/guayoyo24.com\/website\/wp-content\/uploads\/2025\/02\/05.webp 1080w, https:\/\/guayoyo24.com\/website\/wp-content\/uploads\/2025\/02\/05-300x225.webp 300w, https:\/\/guayoyo24.com\/website\/wp-content\/uploads\/2025\/02\/05-1024x768.webp 1024w, https:\/\/guayoyo24.com\/website\/wp-content\/uploads\/2025\/02\/05-768x576.webp 768w\" sizes=\"(max-width: 1080px) 100vw, 1080px\" \/><\/p>\n<p><img decoding=\"async\" class=\"alignnone size-full wp-image-16351\" src=\"https:\/\/guayoyo24.com\/website\/wp-content\/uploads\/2025\/02\/04.webp\" alt=\"\" width=\"1080\" height=\"810\" srcset=\"https:\/\/guayoyo24.com\/website\/wp-content\/uploads\/2025\/02\/04.webp 1080w, https:\/\/guayoyo24.com\/website\/wp-content\/uploads\/2025\/02\/04-300x225.webp 300w, https:\/\/guayoyo24.com\/website\/wp-content\/uploads\/2025\/02\/04-1024x768.webp 1024w, https:\/\/guayoyo24.com\/website\/wp-content\/uploads\/2025\/02\/04-768x576.webp 768w\" sizes=\"(max-width: 1080px) 100vw, 1080px\" \/><\/p>\n<p><img loading=\"lazy\" decoding=\"async\" class=\"alignnone size-full wp-image-16350\" src=\"https:\/\/guayoyo24.com\/website\/wp-content\/uploads\/2025\/02\/01.webp\" alt=\"\" width=\"1080\" height=\"1049\" srcset=\"https:\/\/guayoyo24.com\/website\/wp-content\/uploads\/2025\/02\/01.webp 1080w, https:\/\/guayoyo24.com\/website\/wp-content\/uploads\/2025\/02\/01-300x291.webp 300w, https:\/\/guayoyo24.com\/website\/wp-content\/uploads\/2025\/02\/01-1024x995.webp 1024w, https:\/\/guayoyo24.com\/website\/wp-content\/uploads\/2025\/02\/01-768x746.webp 768w\" sizes=\"(max-width: 1080px) 100vw, 1080px\" \/><\/p>\n","protected":false},"excerpt":{"rendered":"<p>MINEC.- En el marco del Plan Nacional de Reforestaci\u00f3n 2025-2026, el MINEC Portuguesa, a trav\u00e9s de la Unidad de Producci\u00f3n de Viveros y Cuencas Hidrogr\u00e1ficas, ha impulsado jornadas de recolecci\u00f3n de semillas en varios municipios (Araure, P\u00e1ez, Guanare, Sucre y Guanarito). Aprovechando la \u00e9poca de sequ\u00eda, se han recolectado semillas de especies forestales valiosas como &hellip;<\/p>\n","protected":false},"author":1,"featured_media":16349,"comment_status":"open","ping_status":"open","sticky":false,"template":"","format":"standard","meta":{"_eb_attr":"","_jetpack_memberships_contains_paid_content":false,"footnotes":""},"categories":[25],"tags":[],"class_list":["post-16347","post","type-post","status-publish","format-standard","has-post-thumbnail","hentry","category-region"],"jetpack_sharing_enabled":true,"jetpack_featured_media_url":"https:\/\/guayoyo24.com\/website\/wp-content\/uploads\/2025\/02\/03-e1740061041116.webp","_links":{"self":[{"href":"https:\/\/guayoyo24.com\/website\/wp-json\/wp\/v2\/posts\/16347","targetHints":{"allow":["GET"]}}],"collection":[{"href":"https:\/\/guayoyo24.com\/website\/wp-json\/wp\/v2\/posts"}],"about":[{"href":"https:\/\/guayoyo24.com\/website\/wp-json\/wp\/v2\/types\/post"}],"author":[{"embeddable":true,"href":"https:\/\/guayoyo24.com\/website\/wp-json\/wp\/v2\/users\/1"}],"replies":[{"embeddable":true,"href":"https:\/\/guayoyo24.com\/website\/wp-json\/wp\/v2\/comments?post=16347"}],"version-history":[{"count":1,"href":"https:\/\/guayoyo24.com\/website\/wp-json\/wp\/v2\/posts\/16347\/revisions"}],"predecessor-version":[{"id":16353,"href":"https:\/\/guayoyo24.com\/website\/wp-json\/wp\/v2\/posts\/16347\/revisions\/16353"}],"wp:featuredmedia":[{"embeddable":true,"href":"https:\/\/guayoyo24.com\/website\/wp-json\/wp\/v2\/media\/16349"}],"wp:attachment":[{"href":"https:\/\/guayoyo24.com\/website\/wp-json\/wp\/v2\/media?parent=16347"}],"wp:term":[{"taxonomy":"category","embeddable":true,"href":"https:\/\/guayoyo24.com\/website\/wp-json\/wp\/v2\/categories?post=16347"},{"taxonomy":"post_tag","embeddable":true,"href":"https:\/\/guayoyo24.com\/website\/wp-json\/wp\/v2\/tags?post=16347"}],"curies":[{"name":"wp","href":"https:\/\/api.w.org\/{rel}","templated":true}]}}