{"id":16405,"date":"2025-02-21T09:48:33","date_gmt":"2025-02-21T13:48:33","guid":{"rendered":"https:\/\/guayoyo24.com\/website\/?p=16405"},"modified":"2025-02-21T09:48:33","modified_gmt":"2025-02-21T13:48:33","slug":"presidente-maduro-de-manera-simultanea-avanzaremos-hacia-el-futuro-que-construiremos-con-el-plan-de-las-7t","status":"publish","type":"post","link":"https:\/\/guayoyo24.com\/website\/2025\/02\/21\/presidente-maduro-de-manera-simultanea-avanzaremos-hacia-el-futuro-que-construiremos-con-el-plan-de-las-7t\/","title":{"rendered":"Presidente Maduro: De manera simult\u00e1nea, avanzaremos hacia el futuro que construiremos con el Plan de las 7T"},"content":{"rendered":"<p>Nuevos lineamientos en el marco de las 7T dio el presidente de la Rep\u00fablica, Nicol\u00e1s Maduro, durante el taller de Alto Nivel del Gobierno Popular, que se instal\u00f3 este jueves desde La Carlota.<\/p>\n<div>\nEste taller de Alto Nivel incluir\u00e1 una agenda con gabinetes populares y comunales durante los d\u00edas 24, 25 y 26 de febrero.<\/div>\n<div>\nMaduro indic\u00f3 que estos encuentros \u201cnos se\u00f1ala el camino. \u00a1De manera simult\u00e1nea, avanzaremos hacia el futuro que construiremos con el Plan de las 7T!\u00bb.<\/div>\n<div>\nInstruy\u00f3 la construcci\u00f3n de las \u201cSalas de Autogobierno Popular y Comunal\u201d en el territorio, la construcci\u00f3n de un Estado nuevo y eficiente y la meta para el 2027 de conformar 6 mil comunas organizadas. \u201cEl territorio debe constituirse en el epicentro del nuevo poder con la cercan\u00eda de los gobiernos y los gobernantes\u201d, dijo el mandatario a trav\u00e9s de una publicaci\u00f3n en sus redes sociales.<\/div>\n<div>\nEl presidente hizo adem\u00e1s otros anuncios como la designaci\u00f3n de Ana\u00eds Arismendi como jefa de la Gran Misi\u00f3n Vuelta a la Patria y record\u00f3 que el rescate de los 177 nuevos migrantes desde la base naval de Guant\u00e1namo, este 20 de febrero.<\/div>\n<div>\n<b>A continuaci\u00f3n el resumen completo:<\/b><\/div>\n<div><\/div>\n<div>\u00abEl taller de Alto Nivel del Gobierno Popular nos se\u00f1ala el camino. \u00a1De manera simult\u00e1nea, avanzaremos hacia el futuro que construiremos con el Plan de las 7T!\u00bb, expres\u00f3.<\/p>\n<ul>\n<li>Construyamos las \u201cSalas de Autogobierno Popular y Comunal\u201d en el territorio.<\/li>\n<li>\u00a0Design\u00e9 a Ana\u00eds Arismendi como jefa de la Gran Misi\u00f3n Vuelta a la Patria.<\/li>\n<li>Este 20 de febrero, con la \u201cGran Misi\u00f3n Vuelta a la Patria\u201d rescatamos a 177 nuevos migrantes de la base naval de Guant\u00e1namo.<\/li>\n<li>\u00a1Basta de burocratismo! Construyamos un Estado nuevo y eficiente.<\/li>\n<li>Hay que reconfigurar el Sistema Patria para mejorarlo.<\/li>\n<li>Meta 2027: 6 mil comunas organizadas para un futuro m\u00e1s pr\u00f3spero y participativo.<\/li>\n<li>El territorio debe constituirse en el epicentro del nuevo poder con la cercan\u00eda de los gobiernos y los gobernantes.<\/li>\n<\/ul>\n<div><\/div>\n<p>\u00abReinventarnos y aprender de los tiempos son tareas obligadas para construir un futuro mejor, a partir de all\u00ed, iremos al territorio para aplicar metodolog\u00edas superiores que nos permitan avanzar como gobierno y sociedad\u00bb, dijo.<\/p><\/div>\n<div><\/div>\n<div><iframe id=\"instagram-embed-0\" class=\"instagram-media instagram-media-rendered\" src=\"https:\/\/www.instagram.com\/p\/DGVOFYgRZ-0\/embed\/captioned\/?cr=1&amp;v=14&amp;wp=540&amp;rd=https%3A%2F%2Fwww.eluniversal.com&amp;rp=%2Fpolitica%2F202112%2Fpresidente-maduro-participo-taller-de-alto-nivel-del-gobierno-popular#%7B%22ci%22%3A0%2C%22os%22%3A1603.199999988079%2C%22ls%22%3A332.39999997615814%2C%22le%22%3A1422.3999999761581%7D\" height=\"1257\" frameborder=\"0\" scrolling=\"no\" allowfullscreen=\"allowfullscreen\" data-instgrm-payload-id=\"instagram-media-payload-0\" data-mce-fragment=\"1\"><\/iframe><\/div>\n<div>V\u00eda: El NAcional<\/div>\n","protected":false},"excerpt":{"rendered":"<p>Nuevos lineamientos en el marco de las 7T dio el presidente de la Rep\u00fablica, Nicol\u00e1s Maduro, durante el taller de Alto Nivel del Gobierno Popular, que se instal\u00f3 este jueves desde La Carlota. Este taller de Alto Nivel incluir\u00e1 una agenda con gabinetes populares y comunales durante los d\u00edas 24, 25 y 26 de febrero. &hellip;<\/p>\n","protected":false},"author":1,"featured_media":16406,"comment_status":"open","ping_status":"open","sticky":false,"template":"","format":"standard","meta":{"_eb_attr":"","_jetpack_memberships_contains_paid_content":false,"footnotes":""},"categories":[26],"tags":[],"class_list":["post-16405","post","type-post","status-publish","format-standard","has-post-thumbnail","hentry","category-nacionales"],"jetpack_sharing_enabled":true,"jetpack_featured_media_url":"https:\/\/guayoyo24.com\/website\/wp-content\/uploads\/2025\/02\/presidente-maduro-participo-taller-de-alto-nivel-del-gobierno-popular-169489.jpg","_links":{"self":[{"href":"https:\/\/guayoyo24.com\/website\/wp-json\/wp\/v2\/posts\/16405","targetHints":{"allow":["GET"]}}],"collection":[{"href":"https:\/\/guayoyo24.com\/website\/wp-json\/wp\/v2\/posts"}],"about":[{"href":"https:\/\/guayoyo24.com\/website\/wp-json\/wp\/v2\/types\/post"}],"author":[{"embeddable":true,"href":"https:\/\/guayoyo24.com\/website\/wp-json\/wp\/v2\/users\/1"}],"replies":[{"embeddable":true,"href":"https:\/\/guayoyo24.com\/website\/wp-json\/wp\/v2\/comments?post=16405"}],"version-history":[{"count":1,"href":"https:\/\/guayoyo24.com\/website\/wp-json\/wp\/v2\/posts\/16405\/revisions"}],"predecessor-version":[{"id":16407,"href":"https:\/\/guayoyo24.com\/website\/wp-json\/wp\/v2\/posts\/16405\/revisions\/16407"}],"wp:featuredmedia":[{"embeddable":true,"href":"https:\/\/guayoyo24.com\/website\/wp-json\/wp\/v2\/media\/16406"}],"wp:attachment":[{"href":"https:\/\/guayoyo24.com\/website\/wp-json\/wp\/v2\/media?parent=16405"}],"wp:term":[{"taxonomy":"category","embeddable":true,"href":"https:\/\/guayoyo24.com\/website\/wp-json\/wp\/v2\/categories?post=16405"},{"taxonomy":"post_tag","embeddable":true,"href":"https:\/\/guayoyo24.com\/website\/wp-json\/wp\/v2\/tags?post=16405"}],"curies":[{"name":"wp","href":"https:\/\/api.w.org\/{rel}","templated":true}]}}