{"id":16940,"date":"2025-03-03T15:08:14","date_gmt":"2025-03-03T19:08:14","guid":{"rendered":"https:\/\/guayoyo24.com\/website\/?p=16940"},"modified":"2025-03-03T15:08:14","modified_gmt":"2025-03-03T19:08:14","slug":"fin-de-la-primera-fase-del-alto-al-fuego-ataque-israeli-deja-dos-muertos-y-tres-heridos-en-gaza","status":"publish","type":"post","link":"https:\/\/guayoyo24.com\/website\/2025\/03\/03\/fin-de-la-primera-fase-del-alto-al-fuego-ataque-israeli-deja-dos-muertos-y-tres-heridos-en-gaza\/","title":{"rendered":"Fin de la primera fase del alto al fuego: Ataque israel\u00ed deja dos muertos y tres heridos en Gaza"},"content":{"rendered":"<div id=\"cuerpo\" class=\"note-text\">Dos ataques perpetrados por Israel, este lunes, en el extremo sur de la Franja de Gaza han dejado dos muertos y tres heridos.<\/p>\n<div>\nDe acuerdo con fuentes m\u00e9dicas gazat\u00edes, dos misiles fueron lanzados desde helic\u00f3pteros matando a dos palestinos en la ciudad de Rafah.<\/div>\n<div>\n\u00abLas tropas identificaron a dos sospechosos que se acercaban a ellos en el sur de Gaza y que representaban una amenaza directa. Las tropas abrieron fuego para eliminar la amenaza y se identificaron v\u00edctimas\u00bb, ha confirmado el Ej\u00e9rcito.<\/div>\n<div>\nEl ej\u00e9rcito tambi\u00e9n inform\u00f3 de otro ataque que dej\u00f3 tres palestino heridos en la costa de Jan Yunis, tambi\u00e9n en el sur, donde un barco motorizado \u00absospechoso y que violaba las restricciones de seguridad\u00bb fue atacado porque \u00abrepresentaba una amenaza\u00bb despu\u00e9s de que llevaran a cabo disparos de advertencia para dispersarlos. Tambi\u00e9n se han registrado ataques de artiller\u00eda en Yabalia, en el norte de la Franja de Gaza.<\/div>\n<div>\nEstos ataques ocurren despu\u00e9s de que el viernes pasado terminara la primera fase del alto al fuego en el enclave sin acuerdo entre las partes para dar inicio a la segunda fase en las negociaciones, que contempla la liberaci\u00f3n del resto de rehenes todav\u00eda retenidos en Gaza y la retirada total de las tropas israel\u00edes.<\/div>\n<div>\nIsrael ha propuesto extender otros 42 d\u00edas la primera fase, mientras que Ham\u00e1s califica esto como una violaci\u00f3n al acuerdo inicial e insiste en comenzar a negociar la segunda fase.<\/div>\n<div>\nComo represalia a la negativa de Hamas de no aceptar la extensi\u00f3n, el primer ministro israel\u00ed, Benjam\u00edn Netanyahu, anunci\u00f3 este domingo la suspensi\u00f3n de la entrada de ayuda humanitaria al enclave, acusando a Ham\u00e1s de \u00abno aceptar el borrador\u00bb planteado por el enviado especial estadounidense a Oriente Pr\u00f3ximo, Steve Witkoff, para continuar las conversaciones, que propon\u00eda una extensi\u00f3n de la primera fase de la tregua, public\u00f3 el portal web de Rtve.<\/div>\n<div>\nLa decisi\u00f3n fue rechazada por Catar, uno de los mediadores del conflicto, y acusa a Israel de \u00abel uso de la comida como arma de guerra\u00bb.<\/div>\n<div>\nEl Ministerio de Exteriores catar\u00ed ha manifestado en un comunicado el \u00abfirme rechazo\u00bb del pa\u00eds \u00abal uso de la comida como arma de guerra y la inanici\u00f3n deliberada de civiles\u00bb, por lo que ha llamado a la comunidad internacional a \u00abresponsabilizar a Israel y garantizar la entrada de ayuda humanitaria de forma segura, continua y sin obst\u00e1culos\u00bb. Catar, mediador junto a Egipto y Estados Unidos de la tregua en Gaza, se une as\u00ed a la oleada de condenas a esta medida, rechazada tambi\u00e9n por otros pa\u00edses como Arabia Saud\u00ed, Jordania o la Liga \u00c1rabe.<\/div>\n<div>\nLa Oficina del primer ministro israel\u00ed, Benjam\u00edn Netanyahu, anunci\u00f3 este domingo la suspensi\u00f3n de la entrada de ayuda humanitaria al enclave, acusando a Ham\u00e1s de \u00abno aceptar el borrador\u00bb planteado por el enviado especial estadounidense a Oriente Pr\u00f3ximo, Steve Witkoff, para continuar las conversaciones, que propon\u00eda una extensi\u00f3n de la primera fase de la tregua.<\/div>\n<div>\nCon el final de la fase 1 (&#8230;), el primer ministro Netanyahu ha decidido que, a partir de esta ma\u00f1ana, toda entrada de bienes y suministros a la Franja de Gaza cesar\u00e1\u00bb, detall\u00f3 el comunicado. \u00abIsrael no aceptar\u00e1 un alto el fuego sin la liberaci\u00f3n de nuestros rehenes. Si Ham\u00e1s mantiene su negativa, habr\u00e1 m\u00e1s consecuencias\u00bb, advirti\u00f3 la oficina de Netanyahu.<\/div>\n<div>\nLa segunda fase debi\u00f3 haber comenzado a principios de febrero pero las partes no han logrado acordar la retirada de las tropas israel\u00edes o la gobernanza de Gaza.<\/div>\n<div>\n<b>Ataque en Haifa dej\u00f3 un muerto y cuatro heridos<\/b><\/div>\n<div>\nMientras se eleva la tensi\u00f3n en Cisjordania y el riesgo de que vuelvan los combates a la Franja de Gaza, tambi\u00e9n han aumentado los ataques de palestinos en suelo israel\u00ed. Un anciano de 70 a\u00f1os ha muerto y otras cuatro personas resultaron heridas en un ataque por apu\u00f1alamiento dentro de un autob\u00fas en la estaci\u00f3n central de Haifa, principal ciudad del norte de Israel, confirmaron la Polic\u00eda israel\u00ed y los servicios de emergencia,<br \/>\n\u00abNuestros param\u00e9dicos han declarado muerto en el lugar a un hombre de unos 70 a\u00f1os y atienden a cuatro pacientes, tres en estado grave (un hombre y una mujer de unos 30 a\u00f1os y un menor de 15), as\u00ed como una mujer septuagenaria en estado moderado\u00bb, ha informado el servicio de ambulancias Magen David Adom (MDA). Han sido todos trasladados al hospital Rambam de Haifa.<\/div>\n<div>\nLa Polic\u00eda ha indicado que un guardia de seguridad y un civil han \u00abneutralizado y eliminado\u00bb al atacante que han calificado de \u00abterrorista\u00bb. Este ha sido identificado como un ciudadano druso israel\u00ed, que hab\u00eda pasado los \u00faltimos meses en el extranjero y regresado a Israel la semana pasada. \u00abEstamos rastreando la zona para descartar la presencia de m\u00e1s agresores\u00bb, ha afirmado en un comunicado el comisario general de la Polic\u00eda de Israel, Daniel Levy.<br \/>\n\u00abLucharemos contra todos aquellos que buscan asesinarnos y los derrotaremos\u00bb ha afirmado Netanyahu en su mensaje de condolencias a las v\u00edctimas y sus familias.<\/div>\n<div>\nEl pasado jueves, al menos 14 personas resultaron heridas en un ataque por atropello contra una parada de autob\u00fas tambi\u00e9n en el norte de Israel, en una localidad cerca de Haifa, perpetrado por un palestino de Yen\u00edn, principal foco de las redadas israel\u00edes en Cisjordania ocupada. Una de las heridas, una chica de 17 a\u00f1os, fue herida en estado grave, tras sufrir graves da\u00f1os en la cabeza y las extremidades.<\/div>\n<div>\nLa violencia entre israel\u00edes y palestinos en Cisjordania vive su mayor pico de violencia desde la Segunda Intifada (2000-05) y los tanques israel\u00edes entraron la semana pasada por primera vez en dos d\u00e9cadas en ese territorio, concretamente en Yen\u00edn, donde los 16.000 habitantes de su campo de refugiados han tenido que huir mientras el Ej\u00e9rcito israel\u00ed trata de limpiar la zona de milicias palestinas.<\/div>\n<div>\nEn la dura ofensiva a gran escala que Israel comenz\u00f3 en Cisjordania ocupada a finales de enero, han muerto m\u00e1s de medio centenar de palestinos \u2014Israel alega que todos son \u00abterroristas\u00bb, pero adem\u00e1s de milicianos hay tambi\u00e9n civiles\u2014 y unos 40.000 han sido desplazados de los campos de refugiados de Yen\u00edn, Tulkarem y Tubas, en el norte de ese territorio palestino.<\/div>\n<\/div>\n<div class=\"siguenos\"><em>Siguenos en\u00a0<a href=\"https:\/\/t.me\/ElUniversalVzla\" target=\"_blank\" rel=\"noopener\">Telegram<\/a>,\u00a0<a href=\"https:\/\/www.instagram.com\/eluniversal\/\" target=\"_blank\" rel=\"noopener\">In<\/a><\/em><\/div>\n","protected":false},"excerpt":{"rendered":"<p>Dos ataques perpetrados por Israel, este lunes, en el extremo sur de la Franja de Gaza han dejado dos muertos y tres heridos. De acuerdo con fuentes m\u00e9dicas gazat\u00edes, dos misiles fueron lanzados desde helic\u00f3pteros matando a dos palestinos en la ciudad de Rafah. \u00abLas tropas identificaron a dos sospechosos que se acercaban a ellos &hellip;<\/p>\n","protected":false},"author":1,"featured_media":16941,"comment_status":"open","ping_status":"open","sticky":false,"template":"","format":"standard","meta":{"_eb_attr":"","_jetpack_memberships_contains_paid_content":false,"footnotes":""},"categories":[28],"tags":[],"class_list":["post-16940","post","type-post","status-publish","format-standard","has-post-thumbnail","hentry","category-mundo"],"jetpack_sharing_enabled":true,"jetpack_featured_media_url":"https:\/\/guayoyo24.com\/website\/wp-content\/uploads\/2025\/03\/israel-ataco-el-sur-de-gaza-luego-de-culminar-la-primera-fase-de-alto-al-fuego-sin-acuerdos-170433.jpg","_links":{"self":[{"href":"https:\/\/guayoyo24.com\/website\/wp-json\/wp\/v2\/posts\/16940","targetHints":{"allow":["GET"]}}],"collection":[{"href":"https:\/\/guayoyo24.com\/website\/wp-json\/wp\/v2\/posts"}],"about":[{"href":"https:\/\/guayoyo24.com\/website\/wp-json\/wp\/v2\/types\/post"}],"author":[{"embeddable":true,"href":"https:\/\/guayoyo24.com\/website\/wp-json\/wp\/v2\/users\/1"}],"replies":[{"embeddable":true,"href":"https:\/\/guayoyo24.com\/website\/wp-json\/wp\/v2\/comments?post=16940"}],"version-history":[{"count":1,"href":"https:\/\/guayoyo24.com\/website\/wp-json\/wp\/v2\/posts\/16940\/revisions"}],"predecessor-version":[{"id":16942,"href":"https:\/\/guayoyo24.com\/website\/wp-json\/wp\/v2\/posts\/16940\/revisions\/16942"}],"wp:featuredmedia":[{"embeddable":true,"href":"https:\/\/guayoyo24.com\/website\/wp-json\/wp\/v2\/media\/16941"}],"wp:attachment":[{"href":"https:\/\/guayoyo24.com\/website\/wp-json\/wp\/v2\/media?parent=16940"}],"wp:term":[{"taxonomy":"category","embeddable":true,"href":"https:\/\/guayoyo24.com\/website\/wp-json\/wp\/v2\/categories?post=16940"},{"taxonomy":"post_tag","embeddable":true,"href":"https:\/\/guayoyo24.com\/website\/wp-json\/wp\/v2\/tags?post=16940"}],"curies":[{"name":"wp","href":"https:\/\/api.w.org\/{rel}","templated":true}]}}