{"id":17052,"date":"2025-03-05T12:16:17","date_gmt":"2025-03-05T16:16:17","guid":{"rendered":"https:\/\/guayoyo24.com\/website\/?p=17052"},"modified":"2025-03-05T17:43:30","modified_gmt":"2025-03-05T21:43:30","slug":"dos-misas-se-oficiaran-en-catedral-este-miercoles-de-ceniza","status":"publish","type":"post","link":"https:\/\/guayoyo24.com\/website\/2025\/03\/05\/dos-misas-se-oficiaran-en-catedral-este-miercoles-de-ceniza\/","title":{"rendered":"Dos misas se oficiar\u00e1n en Catedral este mi\u00e9rcoles de Ceniza"},"content":{"rendered":"<p style=\"text-align: justify;\"><strong>Prensa Catedral Mayami Alvarado.-<\/strong><\/p>\n<p style=\"text-align: justify;\">Inform\u00f3 el Pbro Alexander Uzc\u00e1tegui, que para este mi\u00e9rcoles 5 de marzo, d\u00eda de imposici\u00f3n de la ceniza, parroquia Catedral Nuestra Se\u00f1ora de la Corteza, ha previsto la realizaci\u00f3n de dos misas.<\/p>\n<p style=\"text-align: justify;\">La primera misa se oficiar\u00e1 a las 6.30 de la ma\u00f1ana, y una segunda misa a las 6.00 de la tarde, para brindar mayor comodidad a la feligresia. Este es un d\u00eda penitencial, dijo, donde la feligres\u00eda da muestras a Dios de su deseo de conversi\u00f3n.<\/p>\n<p style=\"text-align: justify;\">Con el mi\u00e9rcoles de Ceniza, explic\u00f3 el padre Uzc\u00e1tegui, la iglesia da comienzo a la Cuaresma, tiempo de preparaci\u00f3n, de reflexi\u00f3n durante 40 d\u00edas, a la espera de la Pascua de Resurrecci\u00f3n de nuestro Se\u00f1or Jesucristo. Este periodo llama a la oraci\u00f3n, la penitencia, el sacrificio, representado en el ayuno y la abstinencia adem\u00e1s de invitar a la caridad; su culminaci\u00f3n ser\u00e1 el 17 de abril, con la celebraci\u00f3n del Jueves Santo.<\/p>\n<p style=\"text-align: justify;\">La Cuaresma es un momento de reflexi\u00f3n y escucha de la Palabra de Dios, se ora, se comparte con el pr\u00f3jimo y se hacen obras buenas, enfatiz\u00f3.<\/p>\n<p style=\"text-align: justify;\">Asimismo, la Cuaresma es un tiempo apropiado para purificarnos de las faltas; es un tiempo para creer, para recibir a Dios en nuestra vida y permitirle \u201cponer su morada\u201d en nosotros (Juan 14,23).<\/p>\n<p style=\"text-align: justify;\">Inicia la Cuaresma con un coraz\u00f3n lleno de f\u00e9 y esperanza, dijo para finalizar el padre Uzc\u00e1tegui.<\/p>\n","protected":false},"excerpt":{"rendered":"<p>Prensa Catedral Mayami Alvarado.- Inform\u00f3 el Pbro Alexander Uzc\u00e1tegui, que para este mi\u00e9rcoles 5 de marzo, d\u00eda de imposici\u00f3n de la ceniza, parroquia Catedral Nuestra Se\u00f1ora de la Corteza, ha previsto la realizaci\u00f3n de dos misas. La primera misa se oficiar\u00e1 a las 6.30 de la ma\u00f1ana, y una segunda misa a las 6.00 de &hellip;<\/p>\n","protected":false},"author":1,"featured_media":17046,"comment_status":"open","ping_status":"open","sticky":false,"template":"","format":"standard","meta":{"_eb_attr":"","_jetpack_memberships_contains_paid_content":false,"footnotes":""},"categories":[25],"tags":[],"class_list":["post-17052","post","type-post","status-publish","format-standard","has-post-thumbnail","hentry","category-region"],"jetpack_sharing_enabled":true,"jetpack_featured_media_url":"https:\/\/guayoyo24.com\/website\/wp-content\/uploads\/2025\/03\/WhatsApp-Image-2025-03-05-at-10.58.08-AM-1.jpeg","_links":{"self":[{"href":"https:\/\/guayoyo24.com\/website\/wp-json\/wp\/v2\/posts\/17052","targetHints":{"allow":["GET"]}}],"collection":[{"href":"https:\/\/guayoyo24.com\/website\/wp-json\/wp\/v2\/posts"}],"about":[{"href":"https:\/\/guayoyo24.com\/website\/wp-json\/wp\/v2\/types\/post"}],"author":[{"embeddable":true,"href":"https:\/\/guayoyo24.com\/website\/wp-json\/wp\/v2\/users\/1"}],"replies":[{"embeddable":true,"href":"https:\/\/guayoyo24.com\/website\/wp-json\/wp\/v2\/comments?post=17052"}],"version-history":[{"count":1,"href":"https:\/\/guayoyo24.com\/website\/wp-json\/wp\/v2\/posts\/17052\/revisions"}],"predecessor-version":[{"id":17053,"href":"https:\/\/guayoyo24.com\/website\/wp-json\/wp\/v2\/posts\/17052\/revisions\/17053"}],"wp:featuredmedia":[{"embeddable":true,"href":"https:\/\/guayoyo24.com\/website\/wp-json\/wp\/v2\/media\/17046"}],"wp:attachment":[{"href":"https:\/\/guayoyo24.com\/website\/wp-json\/wp\/v2\/media?parent=17052"}],"wp:term":[{"taxonomy":"category","embeddable":true,"href":"https:\/\/guayoyo24.com\/website\/wp-json\/wp\/v2\/categories?post=17052"},{"taxonomy":"post_tag","embeddable":true,"href":"https:\/\/guayoyo24.com\/website\/wp-json\/wp\/v2\/tags?post=17052"}],"curies":[{"name":"wp","href":"https:\/\/api.w.org\/{rel}","templated":true}]}}