{"id":17101,"date":"2025-03-05T18:16:27","date_gmt":"2025-03-05T22:16:27","guid":{"rendered":"https:\/\/guayoyo24.com\/website\/?p=17101"},"modified":"2025-03-05T18:17:16","modified_gmt":"2025-03-05T22:17:16","slug":"problemas-de-audicion-oms-alerta-sobre-aumento-de-casos-en-el-mundo","status":"publish","type":"post","link":"https:\/\/guayoyo24.com\/website\/2025\/03\/05\/problemas-de-audicion-oms-alerta-sobre-aumento-de-casos-en-el-mundo\/","title":{"rendered":"Problemas de audici\u00f3n: OMS alerta sobre aumento de casos en el mundo"},"content":{"rendered":"<p style=\"text-align: justify;\">Yesenia, una inmigrante salvadore\u00f1a en Estados Unidos, no entend\u00eda por qu\u00e9 su hijo no pronunciaba bien las palabras a pesar del empe\u00f1o en ense\u00f1arlo a hablar; pasados los tres a\u00f1os s\u00f3lo emit\u00eda sonidos indescifrables, un examen confirm\u00f3 problemas de audici\u00f3n por lo que comenz\u00f3 desde temprana edad a utilizar un aparato amplificador.<\/p>\n<p style=\"text-align: justify;\">El peque\u00f1o Oscar ha logrado adaptarse bien y lleva una vida \u201cnormal\u201d, sobre todo en la escuela, pero depende todo el tiempo del dispositivo para escuchar bien y poder mantener la comunicaci\u00f3n. Yesenia sortea el desaf\u00edo prodigando cuidados a su hijo y poniendo atenci\u00f3n al aparato, cuya bater\u00eda debe recargar cada noche.<\/p>\n<div class=\"code-block code-block-10\" style=\"text-align: justify;\">\n<p>&nbsp;<\/p>\n<div id=\"aswift_3_host\"><span style=\"background-color: #ffffff;\">Seg\u00fan la Organizaci\u00f3n Mundial de la <\/span><a style=\"background-color: #ffffff;\" href=\"https:\/\/laprensadelara.com\/nacionales\/trillizos-se-graduan-como-medicos\/\" data-type=\"link\" data-id=\"https:\/\/laprensadelara.com\/nacionales\/trillizos-se-graduan-como-medicos\/\" target=\"_blank\" rel=\"noopener\">Salud<\/a><span style=\"background-color: #ffffff;\">\u00a0(<\/span><a style=\"background-color: #ffffff;\" href=\"https:\/\/www.instagram.com\/p\/DGn98-FOa_7\/?utm_source=ig_web_copy_link&amp;igsh=MzRlODBiNWFlZA==\" target=\"_blank\" rel=\"noopener\" data-type=\"link\" data-id=\"https:\/\/www.instagram.com\/p\/DGn98-FOa_7\/?utm_source=ig_web_copy_link&amp;igsh=MzRlODBiNWFlZA==\">OMS<\/a><span style=\"background-color: #ffffff;\">) para 2050 se calcula que habr\u00e1 unos 2.500 millones de personas con problemas de audici\u00f3n y que m\u00e1s de 700 millones requerir\u00e1n rehabilitaci\u00f3n.<\/span><\/div>\n<p>&nbsp;<\/p>\n<\/div>\n<figure class=\"wp-block-image size-full\" style=\"text-align: justify;\"><img fetchpriority=\"high\" decoding=\"async\" class=\"wp-image-454401 entered litespeed-loaded td-animation-stack-type0-2\" src=\"https:\/\/laprensadelara.com\/wp-content\/uploads\/2025\/03\/problemas-de-audicion-1.webp\" sizes=\"(max-width: 1024px) 100vw, 1024px\" srcset=\"https:\/\/laprensadelara.com\/wp-content\/uploads\/2025\/03\/problemas-de-audicion-1.webp 1024w, https:\/\/laprensadelara.com\/wp-content\/uploads\/2025\/03\/problemas-de-audicion-1-300x141.webp 300w, https:\/\/laprensadelara.com\/wp-content\/uploads\/2025\/03\/problemas-de-audicion-1-768x361.webp 768w, https:\/\/laprensadelara.com\/wp-content\/uploads\/2025\/03\/problemas-de-audicion-1-894x420.webp 894w, https:\/\/laprensadelara.com\/wp-content\/uploads\/2025\/03\/problemas-de-audicion-1-150x70.webp 150w, https:\/\/laprensadelara.com\/wp-content\/uploads\/2025\/03\/problemas-de-audicion-1-696x327.webp 696w\" alt=\"problemas de audicion 1\" width=\"1024\" height=\"481\" data-lazyloaded=\"1\" data-src=\"https:\/\/laprensadelara.com\/wp-content\/uploads\/2025\/03\/problemas-de-audicion-1.webp\" data-srcset=\"https:\/\/laprensadelara.com\/wp-content\/uploads\/2025\/03\/problemas-de-audicion-1.webp 1024w, https:\/\/laprensadelara.com\/wp-content\/uploads\/2025\/03\/problemas-de-audicion-1-300x141.webp 300w, https:\/\/laprensadelara.com\/wp-content\/uploads\/2025\/03\/problemas-de-audicion-1-768x361.webp 768w, https:\/\/laprensadelara.com\/wp-content\/uploads\/2025\/03\/problemas-de-audicion-1-894x420.webp 894w, https:\/\/laprensadelara.com\/wp-content\/uploads\/2025\/03\/problemas-de-audicion-1-150x70.webp 150w, https:\/\/laprensadelara.com\/wp-content\/uploads\/2025\/03\/problemas-de-audicion-1-696x327.webp 696w\" data-sizes=\"(max-width: 1024px) 100vw, 1024px\" data-ll-status=\"loaded\" \/><figcaption class=\"wp-element-caption\">Escuchar m\u00fasica a altos decibeles puede llevar a presentar problemas de audici\u00f3n<\/figcaption><\/figure>\n<p style=\"text-align: justify;\">Teniendo en cuenta esto y que los casos sordera y p\u00e9rdida auditiva aumentan cada a\u00f1o en todo el mundo, lo que genera un problema de salud global, la organizaci\u00f3n conmemor\u00f3 este 3 de marzo el D\u00eda Mundial de la Audici\u00f3n.<\/p>\n<p style=\"text-align: justify;\">Aparte de problemas cong\u00e9nitos y algunas enfermedades causantes de la sordera, la OMS considera que las pr\u00e1cticas y el descuido del sentido de o\u00eddo est\u00e1n detr\u00e1s del creciente problema.<\/p>\n<p style=\"text-align: justify;\">\u201cDebido a unas pr\u00e1cticas de audici\u00f3n poco seguras, m\u00e1s de 1.000 millones de j\u00f3venes adultos corren el riesgo de sufrir una p\u00e9rdida de audici\u00f3n evitable y permanente\u201d, seg\u00fan la OMS, esto incluye la falta de protecci\u00f3n para algunos trabajos bajo condiciones de ruido extremo.<\/p>\n<p style=\"text-align: justify;\">As\u00ed tambi\u00e9n la exposici\u00f3n a altos decibeles en espacios de entretenimiento en ambientes como bares, discotecas, conciertos son propicios a mantener el sonido en altos decibeles, incluso dentro del hogar.<\/p>\n<h2 id=\"niveles-tolerables\" class=\"wp-block-heading\" style=\"text-align: justify;\"><strong>Niveles tolerables<\/strong><\/h2>\n<p style=\"text-align: justify;\">Seg\u00fan la Hearing Health Foundation (HHF) en Estados Unidos, cualquier sonido que se perciba como fuerte, de hecho lo es para el o\u00eddo, pues \u201clos sonidos de 70 decibeles (dB) o menos se consideran seguros para nuestra audici\u00f3n. Ese es el sonido de una conversaci\u00f3n normal entre dos personas (\u2026) los sonidos superiores a 70 dB pueden da\u00f1ar la audici\u00f3n con el tiempo\u201d.<\/p>\n<figure class=\"wp-block-image size-large\" style=\"text-align: justify;\"><img decoding=\"async\" class=\"wp-image-454402 entered litespeed-loaded td-animation-stack-type0-2\" src=\"https:\/\/laprensadelara.com\/wp-content\/uploads\/2025\/03\/problemas-de-audicion-2-1024x576.webp\" sizes=\"(max-width: 1024px) 100vw, 1024px\" srcset=\"https:\/\/laprensadelara.com\/wp-content\/uploads\/2025\/03\/problemas-de-audicion-2-1024x576.webp 1024w, https:\/\/laprensadelara.com\/wp-content\/uploads\/2025\/03\/problemas-de-audicion-2-300x169.webp 300w, https:\/\/laprensadelara.com\/wp-content\/uploads\/2025\/03\/problemas-de-audicion-2-768x432.webp 768w, https:\/\/laprensadelara.com\/wp-content\/uploads\/2025\/03\/problemas-de-audicion-2-1536x864.webp 1536w, https:\/\/laprensadelara.com\/wp-content\/uploads\/2025\/03\/problemas-de-audicion-2-747x420.webp 747w, https:\/\/laprensadelara.com\/wp-content\/uploads\/2025\/03\/problemas-de-audicion-2-150x84.webp 150w, https:\/\/laprensadelara.com\/wp-content\/uploads\/2025\/03\/problemas-de-audicion-2-696x392.webp 696w, https:\/\/laprensadelara.com\/wp-content\/uploads\/2025\/03\/problemas-de-audicion-2-1068x601.webp 1068w, https:\/\/laprensadelara.com\/wp-content\/uploads\/2025\/03\/problemas-de-audicion-2.webp 1920w\" alt=\"problemas de audicion 2\" width=\"1024\" height=\"576\" data-lazyloaded=\"1\" data-src=\"https:\/\/laprensadelara.com\/wp-content\/uploads\/2025\/03\/problemas-de-audicion-2-1024x576.webp\" data-srcset=\"https:\/\/laprensadelara.com\/wp-content\/uploads\/2025\/03\/problemas-de-audicion-2-1024x576.webp 1024w, https:\/\/laprensadelara.com\/wp-content\/uploads\/2025\/03\/problemas-de-audicion-2-300x169.webp 300w, https:\/\/laprensadelara.com\/wp-content\/uploads\/2025\/03\/problemas-de-audicion-2-768x432.webp 768w, https:\/\/laprensadelara.com\/wp-content\/uploads\/2025\/03\/problemas-de-audicion-2-1536x864.webp 1536w, https:\/\/laprensadelara.com\/wp-content\/uploads\/2025\/03\/problemas-de-audicion-2-747x420.webp 747w, https:\/\/laprensadelara.com\/wp-content\/uploads\/2025\/03\/problemas-de-audicion-2-150x84.webp 150w, https:\/\/laprensadelara.com\/wp-content\/uploads\/2025\/03\/problemas-de-audicion-2-696x392.webp 696w, https:\/\/laprensadelara.com\/wp-content\/uploads\/2025\/03\/problemas-de-audicion-2-1068x601.webp 1068w, https:\/\/laprensadelara.com\/wp-content\/uploads\/2025\/03\/problemas-de-audicion-2.webp 1920w\" data-sizes=\"(max-width: 1024px) 100vw, 1024px\" data-ll-status=\"loaded\" \/><figcaption class=\"wp-element-caption\">Hay quienes utilizan aparatos para vencer o superar los problemas de audici\u00f3n<\/figcaption><\/figure>\n<p style=\"text-align: justify;\">As\u00ed tambi\u00e9n la exposici\u00f3n a altos decibeles en espacios de entretenimiento en ambientes como bares, discotecas, conciertos son propicios a mantener el sonido en altos decibeles, incluso dentro del hogar.<\/p>\n<p style=\"text-align: justify;\">Esta instituci\u00f3n explica que la medici\u00f3n del sonido es igual a la escala que mide los terremotos \u201clogar\u00edtmica\u201d, lo que indica que la sonoridad \u201cno es directamente proporcional a la intensidad del sonido\u201d y que \u201cla intensidad de un sonido crece muy r\u00e1pido\u201d.<\/p>\n<p style=\"text-align: justify;\">\u201cSi necesitamos gritarle a un amigo que est\u00e1 a un brazo de distancia, o podemos escuchar la m\u00fasica saliendo de los auriculares de otra persona, el volumen es de al menos 85 dB, que es el \u2018nivel seguro\u2019 m\u00e1ximo de exposici\u00f3n al ruido en el lugar de trabajo a lo largo de una jornada de ocho horas\u201d, explica la HHF.<\/p>\n<p style=\"text-align: justify;\">Con el uso de auriculares y aud\u00edfonos f\u00e1cilmente se puede alcanzar un volumen de \u201chasta 100 dB o m\u00e1s, por lo que un nivel seguro es del 50 al 60 por ciento del volumen m\u00e1ximo\u201d, por lo que se debe tener en cuenta el control o configuraci\u00f3n del tel\u00e9fono m\u00f3vil \u201cpara proteger nuestra audici\u00f3n\u201d.<\/p>\n<h2 id=\"datos-actuales-sobre-problemas-de-audicion\" class=\"wp-block-heading\" style=\"text-align: justify;\"><strong>Datos actuales sobre problemas de audici\u00f3n<\/strong><\/h2>\n<p style=\"text-align: justify;\">La OMS calcula que un 5 % de la poblaci\u00f3n mundial, es decir unos 430 millones, requieren alg\u00fan tipo de procedimiento \u201cpara corregir una p\u00e9rdida auditiva\u201d por discapacidad permanente, entre estos unos 34 millones de ni\u00f1os.<\/p>\n<p style=\"text-align: justify;\">La terminolog\u00eda m\u00e9dica considera que una p\u00e9rdida de audici\u00f3n superior a 35 decibeles en el o\u00eddo que oye mejor se considera discapacidad. La mayor proporci\u00f3n de personas con problemas de audici\u00f3n -hasta un 80 %- viven en pa\u00edses de bajos ingresos.<\/p>\n<p style=\"text-align: justify;\">La OMS considera que a la p\u00e9rdida de audici\u00f3n le siguen otros problemas y limitantes para la persona que padece la discapacidad.<\/p>\n<p>V\u00eda: La Prensa de Lara<\/p>\n","protected":false},"excerpt":{"rendered":"<p>Yesenia, una inmigrante salvadore\u00f1a en Estados Unidos, no entend\u00eda por qu\u00e9 su hijo no pronunciaba bien las palabras a pesar del empe\u00f1o en ense\u00f1arlo a hablar; pasados los tres a\u00f1os s\u00f3lo emit\u00eda sonidos indescifrables, un examen confirm\u00f3 problemas de audici\u00f3n por lo que comenz\u00f3 desde temprana edad a utilizar un aparato amplificador. El peque\u00f1o Oscar &hellip;<\/p>\n","protected":false},"author":1,"featured_media":17102,"comment_status":"open","ping_status":"open","sticky":false,"template":"","format":"standard","meta":{"_eb_attr":"","_jetpack_memberships_contains_paid_content":false,"footnotes":""},"categories":[30],"tags":[],"class_list":["post-17101","post","type-post","status-publish","format-standard","has-post-thumbnail","hentry","category-tendencia"],"jetpack_sharing_enabled":true,"jetpack_featured_media_url":"https:\/\/guayoyo24.com\/website\/wp-content\/uploads\/2025\/03\/problemas-de-audicion-3.webp","_links":{"self":[{"href":"https:\/\/guayoyo24.com\/website\/wp-json\/wp\/v2\/posts\/17101","targetHints":{"allow":["GET"]}}],"collection":[{"href":"https:\/\/guayoyo24.com\/website\/wp-json\/wp\/v2\/posts"}],"about":[{"href":"https:\/\/guayoyo24.com\/website\/wp-json\/wp\/v2\/types\/post"}],"author":[{"embeddable":true,"href":"https:\/\/guayoyo24.com\/website\/wp-json\/wp\/v2\/users\/1"}],"replies":[{"embeddable":true,"href":"https:\/\/guayoyo24.com\/website\/wp-json\/wp\/v2\/comments?post=17101"}],"version-history":[{"count":2,"href":"https:\/\/guayoyo24.com\/website\/wp-json\/wp\/v2\/posts\/17101\/revisions"}],"predecessor-version":[{"id":17104,"href":"https:\/\/guayoyo24.com\/website\/wp-json\/wp\/v2\/posts\/17101\/revisions\/17104"}],"wp:featuredmedia":[{"embeddable":true,"href":"https:\/\/guayoyo24.com\/website\/wp-json\/wp\/v2\/media\/17102"}],"wp:attachment":[{"href":"https:\/\/guayoyo24.com\/website\/wp-json\/wp\/v2\/media?parent=17101"}],"wp:term":[{"taxonomy":"category","embeddable":true,"href":"https:\/\/guayoyo24.com\/website\/wp-json\/wp\/v2\/categories?post=17101"},{"taxonomy":"post_tag","embeddable":true,"href":"https:\/\/guayoyo24.com\/website\/wp-json\/wp\/v2\/tags?post=17101"}],"curies":[{"name":"wp","href":"https:\/\/api.w.org\/{rel}","templated":true}]}}