{"id":18051,"date":"2025-04-02T11:01:30","date_gmt":"2025-04-02T15:01:30","guid":{"rendered":"https:\/\/guayoyo24.com\/website\/?p=18051"},"modified":"2025-04-02T11:01:30","modified_gmt":"2025-04-02T15:01:30","slug":"tarek-william-saab-denuncio-que-la-derecha-internacional-pretende-aplicar-el-lawfare-contra-el-pais","status":"publish","type":"post","link":"https:\/\/guayoyo24.com\/website\/2025\/04\/02\/tarek-william-saab-denuncio-que-la-derecha-internacional-pretende-aplicar-el-lawfare-contra-el-pais\/","title":{"rendered":"Tarek William Saab denunci\u00f3 que la derecha internacional pretende aplicar el \u00ablawfare\u00bb contra el pa\u00eds"},"content":{"rendered":"<div style=\"text-align: justify;\">El Fiscal General de la Rep\u00fablica,\u00a0<b>Tarek William Saab<\/b>, denunci\u00f3 este martes que \u00abla derecha internacional pretende aplicar la pr\u00e1ctica de lawfare en el pa\u00eds\u00bb.<\/div>\n<div style=\"text-align: justify;\"><\/div>\n<div style=\"text-align: justify;\"><b>Saab<\/b>\u00a0asegur\u00f3 que la administraci\u00f3n estadounidense act\u00faa contra nuestro pa\u00eds haciendo uso de mercenarios, al intentar ejecutar golpes de Estado, guerra cognitiva, uso de medios para persuadir a j\u00f3venes y ha buscado aplicar una guerra judicial, conocida como \u00ablawfare\u00bb con la intenci\u00f3n de derrocar al gobierno nacional como lo hicieron con\u00a0<b>Jos\u00e9 Manuel Zelaya\u00a0<\/b>y<b>\u00a0Fernando Lugo<\/b>\u00a0en\u00a0<b>Honduras\u00a0<\/b>y\u00a0<b>Paraguay<\/b>.<\/div>\n<div style=\"text-align: justify;\"><\/div>\n<blockquote><p>\u00abEstas maniobras se han empleado de manera malintencionada contra Venezuela, porque han usado el tema de los derechos humanos como parte de su estrategia\u00bb, asever\u00f3 durante el programa \u00ab<b>Maduro Live de Repente<\/b>\u00ab.<\/p><\/blockquote>\n<div style=\"text-align: justify;\"><\/div>\n<div style=\"text-align: justify;\">En este contexto, explic\u00f3 que las deportaciones forzadas, detenciones arbitrarias e ilegales y desapariciones forzosas violan el art\u00edculo 7 del Estatuto de Roma.<\/div>\n<div style=\"text-align: justify;\"><\/div>\n<div style=\"text-align: justify;\">Con relaci\u00f3n a los venezolanos secuestrados por el gobierno de Estados Unidos y enviados a c\u00e1rceles de\u00a0<b>El Salvador<\/b>, la m\u00e1xima autoridad del Ministerio P\u00fablico anunci\u00f3 que convers\u00f3 con el coordinador humanitario de la Organizaci\u00f3n de las Naciones Unidas (ONU), Gianluca Rampolla, para acercarse a posibles soluciones que resguarden la vida de los connacionales, a la par que dijo que se han tomado acciones de la mano de los familiares de los afectados.<\/div>\n<div style=\"text-align: justify;\"><\/div>\n<blockquote><p>\u00ab\u00a1Nosotros s\u00ed estamos alzando nuestra voz!\u00bb, exclam\u00f3.<\/p><\/blockquote>\n<div style=\"text-align: justify;\"><\/div>\n<div style=\"text-align: justify;\">Asimismo, dijo que se elabor\u00f3 una carta que se entregar\u00e1 al\u00a0Alto Comisionado de las Naciones Unidas (ONU), Volker T\u00fcrk, para abordar el caso como una \u00abemergencia\u00bb.<\/div>\n<div style=\"text-align: justify;\"><\/div>\n<blockquote><p>\u00abSe solicita ejercer presi\u00f3n por medios legales al gobierno de El Salvador y a la ONU, a objeto de lograr la liberaci\u00f3n inmediata de los migrantes venezolanos\u00bb, afirm\u00f3.<\/p><\/blockquote>\n<div style=\"text-align: justify;\"><b>\u00a0<\/b><\/div>\n<div style=\"text-align: justify;\"><b>Saab\u00a0<\/b>tambi\u00e9n critic\u00f3 que los organismos internacionales en materia de derechos humanos no vigilen las actuaciones de Estados Unidos y El Salvador.<\/div>\n<div style=\"text-align: justify;\"><\/div>\n<blockquote><p>\u00abEn todos los lugares donde se discuten los Derechos Humanos, las acciones de Donald Trump contra los migrantes, marcan un precedente nefasto\u00bb, expres\u00f3.<\/p><\/blockquote>\n<div style=\"text-align: justify;\">Finalmente,\u00a0indic\u00f3 que las acciones de Estados Unidos contra venezolanos es un tema para discusi\u00f3n global con relaci\u00f3n a los derechos humanos.<\/div>\n","protected":false},"excerpt":{"rendered":"<p>El Fiscal General de la Rep\u00fablica,\u00a0Tarek William Saab, denunci\u00f3 este martes que \u00abla derecha internacional pretende aplicar la pr\u00e1ctica de lawfare en el pa\u00eds\u00bb. Saab\u00a0asegur\u00f3 que la administraci\u00f3n estadounidense act\u00faa contra nuestro pa\u00eds haciendo uso de mercenarios, al intentar ejecutar golpes de Estado, guerra cognitiva, uso de medios para persuadir a j\u00f3venes y ha buscado &hellip;<\/p>\n","protected":false},"author":2,"featured_media":18052,"comment_status":"open","ping_status":"open","sticky":false,"template":"","format":"standard","meta":{"_eb_attr":"","_jetpack_memberships_contains_paid_content":false,"footnotes":""},"categories":[26],"tags":[],"class_list":["post-18051","post","type-post","status-publish","format-standard","has-post-thumbnail","hentry","category-nacionales"],"jetpack_sharing_enabled":true,"jetpack_featured_media_url":"https:\/\/guayoyo24.com\/website\/wp-content\/uploads\/2025\/04\/fiscal-tarek-william-saab-39002.jpg","_links":{"self":[{"href":"https:\/\/guayoyo24.com\/website\/wp-json\/wp\/v2\/posts\/18051","targetHints":{"allow":["GET"]}}],"collection":[{"href":"https:\/\/guayoyo24.com\/website\/wp-json\/wp\/v2\/posts"}],"about":[{"href":"https:\/\/guayoyo24.com\/website\/wp-json\/wp\/v2\/types\/post"}],"author":[{"embeddable":true,"href":"https:\/\/guayoyo24.com\/website\/wp-json\/wp\/v2\/users\/2"}],"replies":[{"embeddable":true,"href":"https:\/\/guayoyo24.com\/website\/wp-json\/wp\/v2\/comments?post=18051"}],"version-history":[{"count":1,"href":"https:\/\/guayoyo24.com\/website\/wp-json\/wp\/v2\/posts\/18051\/revisions"}],"predecessor-version":[{"id":18053,"href":"https:\/\/guayoyo24.com\/website\/wp-json\/wp\/v2\/posts\/18051\/revisions\/18053"}],"wp:featuredmedia":[{"embeddable":true,"href":"https:\/\/guayoyo24.com\/website\/wp-json\/wp\/v2\/media\/18052"}],"wp:attachment":[{"href":"https:\/\/guayoyo24.com\/website\/wp-json\/wp\/v2\/media?parent=18051"}],"wp:term":[{"taxonomy":"category","embeddable":true,"href":"https:\/\/guayoyo24.com\/website\/wp-json\/wp\/v2\/categories?post=18051"},{"taxonomy":"post_tag","embeddable":true,"href":"https:\/\/guayoyo24.com\/website\/wp-json\/wp\/v2\/tags?post=18051"}],"curies":[{"name":"wp","href":"https:\/\/api.w.org\/{rel}","templated":true}]}}