{"id":18587,"date":"2025-04-13T09:40:39","date_gmt":"2025-04-13T13:40:39","guid":{"rendered":"https:\/\/guayoyo24.com\/website\/?p=18587"},"modified":"2025-04-14T09:41:28","modified_gmt":"2025-04-14T13:41:28","slug":"dictan-taller-de-salas-de-autogobierno-comunal","status":"publish","type":"post","link":"https:\/\/guayoyo24.com\/website\/2025\/04\/13\/dictan-taller-de-salas-de-autogobierno-comunal\/","title":{"rendered":"Dictan Taller de Salas de Autogobierno Comunal"},"content":{"rendered":"<p style=\"text-align: justify;\">\n<p style=\"text-align: justify;\">REDACCI\u00d3N GUAYOYO.-<\/p>\n<p style=\"text-align: justify;\">Con la participaci\u00f3n del Viceministro de Formaci\u00f3n Comunal Carlos Rodr\u00edguez del Ministerio del Poder Popular para las Comunas, se desarroll\u00f3 taller de Salas de Autogobierno Comunal.<\/p>\n<p style=\"text-align: justify;\">Desde la comuna Otilia Su\u00e1rez del municipio San Rafael de Onoto, destac\u00f3 que las salas comunales son el encuentro del Gobierno Nacional con el Gobierno comunal para organizar y construir colectivamente los procesos bajo el nuevo m\u00e9todo de Gobierno.<\/p>\n<p style=\"text-align: justify;\">En la actividad, adem\u00e1s se instal\u00f3 y recorri\u00f3 el espacio acondicionado de la sala del sistema de Gobierno Popular.<\/p>\n<p><img fetchpriority=\"high\" decoding=\"async\" class=\"alignnone size-full wp-image-18566\" src=\"https:\/\/guayoyo24.com\/website\/wp-content\/uploads\/2025\/04\/WhatsApp-Image-2025-04-13-at-5.31.49-PM.jpeg\" alt=\"\" width=\"1080\" height=\"607\" srcset=\"https:\/\/guayoyo24.com\/website\/wp-content\/uploads\/2025\/04\/WhatsApp-Image-2025-04-13-at-5.31.49-PM.jpeg 1080w, https:\/\/guayoyo24.com\/website\/wp-content\/uploads\/2025\/04\/WhatsApp-Image-2025-04-13-at-5.31.49-PM-300x169.jpeg 300w, https:\/\/guayoyo24.com\/website\/wp-content\/uploads\/2025\/04\/WhatsApp-Image-2025-04-13-at-5.31.49-PM-1024x576.jpeg 1024w, https:\/\/guayoyo24.com\/website\/wp-content\/uploads\/2025\/04\/WhatsApp-Image-2025-04-13-at-5.31.49-PM-768x432.jpeg 768w, https:\/\/guayoyo24.com\/website\/wp-content\/uploads\/2025\/04\/WhatsApp-Image-2025-04-13-at-5.31.49-PM-390x220.jpeg 390w\" sizes=\"(max-width: 1080px) 100vw, 1080px\" \/><\/p>\n","protected":false},"excerpt":{"rendered":"<p>REDACCI\u00d3N GUAYOYO.- Con la participaci\u00f3n del Viceministro de Formaci\u00f3n Comunal Carlos Rodr\u00edguez del Ministerio del Poder Popular para las Comunas, se desarroll\u00f3 taller de Salas de Autogobierno Comunal. Desde la comuna Otilia Su\u00e1rez del municipio San Rafael de Onoto, destac\u00f3 que las salas comunales son el encuentro del Gobierno Nacional con el Gobierno comunal para &hellip;<\/p>\n","protected":false},"author":1,"featured_media":18565,"comment_status":"open","ping_status":"open","sticky":false,"template":"","format":"standard","meta":{"_eb_attr":"","_jetpack_memberships_contains_paid_content":false,"footnotes":""},"categories":[25],"tags":[],"class_list":["post-18587","post","type-post","status-publish","format-standard","has-post-thumbnail","hentry","category-region"],"jetpack_sharing_enabled":true,"jetpack_featured_media_url":"https:\/\/guayoyo24.com\/website\/wp-content\/uploads\/2025\/04\/WhatsApp-Image-2025-04-13-at-5.31.50-PM.jpeg","_links":{"self":[{"href":"https:\/\/guayoyo24.com\/website\/wp-json\/wp\/v2\/posts\/18587","targetHints":{"allow":["GET"]}}],"collection":[{"href":"https:\/\/guayoyo24.com\/website\/wp-json\/wp\/v2\/posts"}],"about":[{"href":"https:\/\/guayoyo24.com\/website\/wp-json\/wp\/v2\/types\/post"}],"author":[{"embeddable":true,"href":"https:\/\/guayoyo24.com\/website\/wp-json\/wp\/v2\/users\/1"}],"replies":[{"embeddable":true,"href":"https:\/\/guayoyo24.com\/website\/wp-json\/wp\/v2\/comments?post=18587"}],"version-history":[{"count":1,"href":"https:\/\/guayoyo24.com\/website\/wp-json\/wp\/v2\/posts\/18587\/revisions"}],"predecessor-version":[{"id":18588,"href":"https:\/\/guayoyo24.com\/website\/wp-json\/wp\/v2\/posts\/18587\/revisions\/18588"}],"wp:featuredmedia":[{"embeddable":true,"href":"https:\/\/guayoyo24.com\/website\/wp-json\/wp\/v2\/media\/18565"}],"wp:attachment":[{"href":"https:\/\/guayoyo24.com\/website\/wp-json\/wp\/v2\/media?parent=18587"}],"wp:term":[{"taxonomy":"category","embeddable":true,"href":"https:\/\/guayoyo24.com\/website\/wp-json\/wp\/v2\/categories?post=18587"},{"taxonomy":"post_tag","embeddable":true,"href":"https:\/\/guayoyo24.com\/website\/wp-json\/wp\/v2\/tags?post=18587"}],"curies":[{"name":"wp","href":"https:\/\/api.w.org\/{rel}","templated":true}]}}