{"id":1874,"date":"2024-04-22T12:55:52","date_gmt":"2024-04-22T12:55:52","guid":{"rendered":"https:\/\/guayoyo24.com\/website\/?p=1874"},"modified":"2024-04-22T12:58:26","modified_gmt":"2024-04-22T12:58:26","slug":"desorden-publico-confirmo-su-primer-concierto-en-peru","status":"publish","type":"post","link":"https:\/\/guayoyo24.com\/website\/2024\/04\/22\/desorden-publico-confirmo-su-primer-concierto-en-peru\/","title":{"rendered":"Desorden P\u00fablico confirm\u00f3 su primer concierto en Per\u00fa"},"content":{"rendered":"<p>Desorden P\u00fablico, conocida como la\u00a0<a href=\"https:\/\/www.elnacional.com\/entretenimiento\/desorden-publico-canto-politicos-paraliticos-en-el-esequibo-fest-y-vtv-los-saco-del-aire\/\" target=\"_blank\" rel=\"noopener\">primera banda de Ska en Latinoam\u00e9rica<\/a>, confirm\u00f3 su primer concierto en Per\u00fa. La agrupaci\u00f3n nominada al Grammy se presentar\u00e1 en Lima el pr\u00f3ximo 31 de mayo en el Centro de Convenciones Coco de Lince.<\/p>\n<p>Con 40 a\u00f1os de trayectoria y 19 \u00e1lbumes en su haber, la banda tambi\u00e9n ha dado su salto al cine con una pel\u00edcula llamada\u00a0<em>Venezuela en desorden<\/em>, que estren\u00f3 en 2018 y tuvo una buena acogida en el pa\u00eds.<\/p>\n<div id=\"carodaMultiPositionPlaceholder575688\" class=\"carodaMultiPositionPlaceholder carodaPlaceholderInUse\"><\/div>\n<p>La banda se ha mantenido vigente en el gusto de sus miles de seguidores en el g\u00e9nero ska, rock latino, m\u00fasica popular latinoamericana y contempor\u00e1nea. Este show es el pre\u00e1mbulo de la celebraci\u00f3n de sus 40 a\u00f1os el pr\u00f3ximo a\u00f1o.<\/p>\n<p><img fetchpriority=\"high\" decoding=\"async\" class=\"alignnone size-full wp-image-1176794 lazyloaded\" src=\"https:\/\/cdn.bitlysdowssl-aws.com\/wp-content\/uploads\/2024\/04\/DP.png\" sizes=\"(max-width: 748px) 100vw, 748px\" srcset=\"https:\/\/cdn.bitlysdowssl-aws.com\/wp-content\/uploads\/2024\/04\/DP.png 748w, https:\/\/cdn.bitlysdowssl-aws.com\/wp-content\/uploads\/2024\/04\/DP-300x177.png 300w, https:\/\/cdn.bitlysdowssl-aws.com\/wp-content\/uploads\/2024\/04\/DP-696x411.png 696w, https:\/\/cdn.bitlysdowssl-aws.com\/wp-content\/uploads\/2024\/04\/DP-711x420.png 711w\" alt=\"\" width=\"748\" height=\"442\" data-src=\"https:\/\/cdn.bitlysdowssl-aws.com\/wp-content\/uploads\/2024\/04\/DP.png\" data-srcset=\"https:\/\/cdn.bitlysdowssl-aws.com\/wp-content\/uploads\/2024\/04\/DP.png 748w, https:\/\/cdn.bitlysdowssl-aws.com\/wp-content\/uploads\/2024\/04\/DP-300x177.png 300w, https:\/\/cdn.bitlysdowssl-aws.com\/wp-content\/uploads\/2024\/04\/DP-696x411.png 696w, https:\/\/cdn.bitlysdowssl-aws.com\/wp-content\/uploads\/2024\/04\/DP-711x420.png 711w\" data-sizes=\"(max-width: 748px) 100vw, 748px\" \/><\/p>\n<p>Desorden P\u00fablico est\u00e1 conformado por\u00a0<a href=\"https:\/\/www.instagram.com\/horacioblancomusic\/?hl=es\" target=\"_blank\" rel=\"noopener\">Horacio Blanco<\/a>\u00a0(voz y guitarra), Jos\u00e9 Luis \u00abCaplis\u00bb Chac\u00edn (bajo), Daniel Sarmiento (bater\u00eda y coro) y \u00d3scar \u00abOscarello\u00bb Alca\u00edno (percusi\u00f3n).<\/p>\n<p>La llegada de Desorden P\u00fablico se realizar\u00e1 en las pr\u00f3ximas semanas para ofrecer un concierto el 31 de mayo en el renovado Centro de Convenciones Coco de Lince. Las entradas est\u00e1n a la venta en Joinnus desde los 80 soles.<\/p>\n","protected":false},"excerpt":{"rendered":"<p>Desorden P\u00fablico, conocida como la\u00a0primera banda de Ska en Latinoam\u00e9rica, confirm\u00f3 su primer concierto en Per\u00fa. La agrupaci\u00f3n nominada al Grammy se presentar\u00e1 en Lima el pr\u00f3ximo 31 de mayo en el Centro de Convenciones Coco de Lince. Con 40 a\u00f1os de trayectoria y 19 \u00e1lbumes en su haber, la banda tambi\u00e9n ha dado su &hellip;<\/p>\n","protected":false},"author":1,"featured_media":1875,"comment_status":"open","ping_status":"open","sticky":false,"template":"","format":"standard","meta":{"_eb_attr":"","_jetpack_memberships_contains_paid_content":false,"footnotes":""},"categories":[31],"tags":[],"class_list":["post-1874","post","type-post","status-publish","format-standard","has-post-thumbnail","hentry","category-arte-cultura"],"jetpack_sharing_enabled":true,"jetpack_featured_media_url":"https:\/\/guayoyo24.com\/website\/wp-content\/uploads\/2024\/04\/desorden-publico-regresa-venezuela-promocionar-nuevo-album_214231-1-696x564-1.jpg","_links":{"self":[{"href":"https:\/\/guayoyo24.com\/website\/wp-json\/wp\/v2\/posts\/1874","targetHints":{"allow":["GET"]}}],"collection":[{"href":"https:\/\/guayoyo24.com\/website\/wp-json\/wp\/v2\/posts"}],"about":[{"href":"https:\/\/guayoyo24.com\/website\/wp-json\/wp\/v2\/types\/post"}],"author":[{"embeddable":true,"href":"https:\/\/guayoyo24.com\/website\/wp-json\/wp\/v2\/users\/1"}],"replies":[{"embeddable":true,"href":"https:\/\/guayoyo24.com\/website\/wp-json\/wp\/v2\/comments?post=1874"}],"version-history":[{"count":1,"href":"https:\/\/guayoyo24.com\/website\/wp-json\/wp\/v2\/posts\/1874\/revisions"}],"predecessor-version":[{"id":1876,"href":"https:\/\/guayoyo24.com\/website\/wp-json\/wp\/v2\/posts\/1874\/revisions\/1876"}],"wp:featuredmedia":[{"embeddable":true,"href":"https:\/\/guayoyo24.com\/website\/wp-json\/wp\/v2\/media\/1875"}],"wp:attachment":[{"href":"https:\/\/guayoyo24.com\/website\/wp-json\/wp\/v2\/media?parent=1874"}],"wp:term":[{"taxonomy":"category","embeddable":true,"href":"https:\/\/guayoyo24.com\/website\/wp-json\/wp\/v2\/categories?post=1874"},{"taxonomy":"post_tag","embeddable":true,"href":"https:\/\/guayoyo24.com\/website\/wp-json\/wp\/v2\/tags?post=1874"}],"curies":[{"name":"wp","href":"https:\/\/api.w.org\/{rel}","templated":true}]}}