{"id":19273,"date":"2025-04-30T11:37:48","date_gmt":"2025-04-30T15:37:48","guid":{"rendered":"https:\/\/guayoyo24.com\/website\/?p=19273"},"modified":"2025-04-30T11:38:33","modified_gmt":"2025-04-30T15:38:33","slug":"alvaradoen-portuguesa-se-siente-de-forma-contundente-aires-de-victorias","status":"publish","type":"post","link":"https:\/\/guayoyo24.com\/website\/2025\/04\/30\/alvaradoen-portuguesa-se-siente-de-forma-contundente-aires-de-victorias\/","title":{"rendered":"Alvarado: \u00abEn Portuguesa se siente de forma contundente aires de Victorias\u00bb"},"content":{"rendered":"<p style=\"text-align: justify;\"><strong>Prensa Psuv<\/strong><\/p>\n<p style=\"text-align: justify;\">En Portuguesa con nuestro candidato a la gobernaci\u00f3n, Primitivo Cede\u00f1o, se sienten los aires de victoria de la Revoluci\u00f3n, as\u00ed, lo manifest\u00f3, Jocsen Alvarado, candidato de la Patria a la AN, por el estado Portuguesa para el circuito 2 (Papel\u00f3n, Guanarito, Santa Rosal\u00eda, Tur\u00e9n y Esteller),<\/p>\n<p style=\"text-align: justify;\">En un acto extraordinario junto a un mar de pueblo de este circuito, con consignas, pancartas, y banderas ratificaron el compromiso de acompa\u00f1ar la candidatura a Gobernador de Primitivo Cede\u00f1o.<\/p>\n<p style=\"text-align: justify;\">Reafirm\u00f3, que hoy m\u00e1s que nunca la uni\u00f3n de los patriotas se ratifica, para esta contienda, porque como un solo bloque vamos a volver a derrotar, a todos los que se han empe\u00f1ado en acabar con Venezuela.<\/p>\n<p style=\"text-align: justify;\">El candidato a la AN, en compa\u00f1\u00eda de su suplente Luc\u00eda Ruiz, y el candidato al Clep Alirio Bonilla, pidi\u00f3 al pueblo de Portuguesa a no dejarse a enga\u00f1ar por los personeros de la oposici\u00f3n que hoy pretenden seguir enga\u00f1ando al Pueblo.<\/p>\n<p style=\"text-align: justify;\">\u00abAc\u00e1 hay pueblo, aqu\u00ed tenemos propuestas, ac\u00e1 hay gobierno, porque somos gente de Ch\u00e1vez y Nicol\u00e1s somos los que resolvemos\u00bb, cerr\u00f3 diciendo.<\/p>\n","protected":false},"excerpt":{"rendered":"<p>Prensa Psuv En Portuguesa con nuestro candidato a la gobernaci\u00f3n, Primitivo Cede\u00f1o, se sienten los aires de victoria de la Revoluci\u00f3n, as\u00ed, lo manifest\u00f3, Jocsen Alvarado, candidato de la Patria a la AN, por el estado Portuguesa para el circuito 2 (Papel\u00f3n, Guanarito, Santa Rosal\u00eda, Tur\u00e9n y Esteller), En un acto extraordinario junto a un &hellip;<\/p>\n","protected":false},"author":1,"featured_media":19274,"comment_status":"open","ping_status":"open","sticky":false,"template":"","format":"standard","meta":{"_eb_attr":"","_jetpack_memberships_contains_paid_content":false,"footnotes":""},"categories":[25],"tags":[],"class_list":["post-19273","post","type-post","status-publish","format-standard","has-post-thumbnail","hentry","category-region"],"jetpack_sharing_enabled":true,"jetpack_featured_media_url":"https:\/\/guayoyo24.com\/website\/wp-content\/uploads\/2025\/04\/WhatsApp-Image-2025-04-30-at-10.26.35-AM.jpeg","_links":{"self":[{"href":"https:\/\/guayoyo24.com\/website\/wp-json\/wp\/v2\/posts\/19273","targetHints":{"allow":["GET"]}}],"collection":[{"href":"https:\/\/guayoyo24.com\/website\/wp-json\/wp\/v2\/posts"}],"about":[{"href":"https:\/\/guayoyo24.com\/website\/wp-json\/wp\/v2\/types\/post"}],"author":[{"embeddable":true,"href":"https:\/\/guayoyo24.com\/website\/wp-json\/wp\/v2\/users\/1"}],"replies":[{"embeddable":true,"href":"https:\/\/guayoyo24.com\/website\/wp-json\/wp\/v2\/comments?post=19273"}],"version-history":[{"count":3,"href":"https:\/\/guayoyo24.com\/website\/wp-json\/wp\/v2\/posts\/19273\/revisions"}],"predecessor-version":[{"id":19277,"href":"https:\/\/guayoyo24.com\/website\/wp-json\/wp\/v2\/posts\/19273\/revisions\/19277"}],"wp:featuredmedia":[{"embeddable":true,"href":"https:\/\/guayoyo24.com\/website\/wp-json\/wp\/v2\/media\/19274"}],"wp:attachment":[{"href":"https:\/\/guayoyo24.com\/website\/wp-json\/wp\/v2\/media?parent=19273"}],"wp:term":[{"taxonomy":"category","embeddable":true,"href":"https:\/\/guayoyo24.com\/website\/wp-json\/wp\/v2\/categories?post=19273"},{"taxonomy":"post_tag","embeddable":true,"href":"https:\/\/guayoyo24.com\/website\/wp-json\/wp\/v2\/tags?post=19273"}],"curies":[{"name":"wp","href":"https:\/\/api.w.org\/{rel}","templated":true}]}}