{"id":19373,"date":"2025-05-03T12:38:47","date_gmt":"2025-05-03T16:38:47","guid":{"rendered":"https:\/\/guayoyo24.com\/website\/?p=19373"},"modified":"2025-05-03T12:38:47","modified_gmt":"2025-05-03T16:38:47","slug":"ministro-cabello-condecoro-a-heroes-de-la-operacion-negro-primero","status":"publish","type":"post","link":"https:\/\/guayoyo24.com\/website\/2025\/05\/03\/ministro-cabello-condecoro-a-heroes-de-la-operacion-negro-primero\/","title":{"rendered":"Ministro Cabello condecor\u00f3 a h\u00e9roes de la Operaci\u00f3n Negro Primero"},"content":{"rendered":"<p>Con un acto solemne el ministro de Interior, Justicia y Paz, Diosdado Cabello, condecor\u00f3 a civiles, militares y polic\u00edas que participaron en la Operaci\u00f3n Negro Primero, que repeli\u00f3 a los mercenarios de la Operaci\u00f3n Gede\u00f3n, que pretend\u00eda acabar con la vida del presidente Nicol\u00e1s Maduro y otros altos funcionarios.<\/p>\n<div id=\"r89-video-outstream-wrapper\">\n<div id=\"r89-video-outstream\" data-google-query-id=\"CP20gMLdh40DFcTMEQgdHKMuRA\">\n<div id=\"google_ads_iframe_\/15748617,1030982\/Ultimasnoticiascomve\/Ultimasnoticiascomve-Video-Outstream_0__container__\"><\/div>\n<\/div>\n<\/div>\n<p>Durante la condecoraci\u00f3n cont\u00f3 con la presencia de altas autoridades militares y policiales, el vicepresidente sectorial de Pol\u00edtica, Seguridad Ciudadana y Paz, Diosdado Cabello, quienes destacaron la importancia de esta operaci\u00f3n en la preservaci\u00f3n de la seguridad del pa\u00eds.<\/p>\n<p>Cabello destac\u00f3 el compromiso de estos efectivos con la defensa de la patria y la uni\u00f3n c\u00edvico-militar como pilares fundamentales para garantizar la paz y estabilidad de Venezuela. Asimismo, se reiter\u00f3 el juramento de servir a la naci\u00f3n con honor y patriotismo.<\/p>\n<p>\u00abHoy levantamos como una gran bandera esa perfecta fusi\u00f3n popular militar policial puesta en pr\u00e1ctica en varias ocasiones donde nuestro pueblo ha tenido un rol fundamental\u00bb, expres\u00f3 el tambi\u00e9n vicepresidente sectorial de Pol\u00edtica, Seguridad Ciudadana y Paz.<\/p>\n<p>\u00abYo recuerdo que yo llam\u00e9 a los hermanos pescadores e inmediatamente se activaron los pescadores de toda la costa caribe\u00f1a y comenzaron ellos mismo a decir por all\u00e1 viene alguien, por all\u00e1 vimos un barco raro\u00bb, precis\u00f3 al tiempo que afirm\u00f3 que esta informaci\u00f3n permiti\u00f3 dar con la captura de todos los mercenarios.<\/p>\n<div id=\"r89-desktop-incontent-penultimo-parrafo-0-wrapper\">\n<div id=\"r89-desktop-incontent-penultimo-parrafo-0\" data-google-query-id=\"CMr678Pdh40DFeS-_Qcd6BkqsQ\">\n<div id=\"google_ads_iframe_\/15748617,1030982\/Ultimasnoticiascomve\/Ultimasnoticiascomve-incontent-penultimo-parrafo_0__container__\"><\/div>\n<\/div>\n<\/div>\n<p>\u00abUno a uno fueron capturados, todos los que creyeron que era muy f\u00e1cil, lanzaron al mar parte del armamento, del sistema de comunicaci\u00f3n, y a todos se le respet\u00f3 la vidas, y esto lo podemos vincular al 30 de abril porque pod\u00edamos haber hecho una batalla, y nosotros nuevamente bajo la direcci\u00f3n del presidente Nicol\u00e1s Maduro fuimos hilando hasta derrotarlos de manera estrat\u00e9gica\u00bb, puntualiz\u00f3.<\/p>\n","protected":false},"excerpt":{"rendered":"<p>Con un acto solemne el ministro de Interior, Justicia y Paz, Diosdado Cabello, condecor\u00f3 a civiles, militares y polic\u00edas que participaron en la Operaci\u00f3n Negro Primero, que repeli\u00f3 a los mercenarios de la Operaci\u00f3n Gede\u00f3n, que pretend\u00eda acabar con la vida del presidente Nicol\u00e1s Maduro y otros altos funcionarios. Durante la condecoraci\u00f3n cont\u00f3 con la &hellip;<\/p>\n","protected":false},"author":1,"featured_media":19374,"comment_status":"open","ping_status":"open","sticky":false,"template":"","format":"standard","meta":{"_eb_attr":"","_jetpack_memberships_contains_paid_content":false,"footnotes":""},"categories":[26],"tags":[],"class_list":["post-19373","post","type-post","status-publish","format-standard","has-post-thumbnail","hentry","category-nacionales"],"jetpack_sharing_enabled":true,"jetpack_featured_media_url":"https:\/\/guayoyo24.com\/website\/wp-content\/uploads\/2025\/05\/IMG_20250503_092055-e1746290320636.webp","_links":{"self":[{"href":"https:\/\/guayoyo24.com\/website\/wp-json\/wp\/v2\/posts\/19373","targetHints":{"allow":["GET"]}}],"collection":[{"href":"https:\/\/guayoyo24.com\/website\/wp-json\/wp\/v2\/posts"}],"about":[{"href":"https:\/\/guayoyo24.com\/website\/wp-json\/wp\/v2\/types\/post"}],"author":[{"embeddable":true,"href":"https:\/\/guayoyo24.com\/website\/wp-json\/wp\/v2\/users\/1"}],"replies":[{"embeddable":true,"href":"https:\/\/guayoyo24.com\/website\/wp-json\/wp\/v2\/comments?post=19373"}],"version-history":[{"count":1,"href":"https:\/\/guayoyo24.com\/website\/wp-json\/wp\/v2\/posts\/19373\/revisions"}],"predecessor-version":[{"id":19375,"href":"https:\/\/guayoyo24.com\/website\/wp-json\/wp\/v2\/posts\/19373\/revisions\/19375"}],"wp:featuredmedia":[{"embeddable":true,"href":"https:\/\/guayoyo24.com\/website\/wp-json\/wp\/v2\/media\/19374"}],"wp:attachment":[{"href":"https:\/\/guayoyo24.com\/website\/wp-json\/wp\/v2\/media?parent=19373"}],"wp:term":[{"taxonomy":"category","embeddable":true,"href":"https:\/\/guayoyo24.com\/website\/wp-json\/wp\/v2\/categories?post=19373"},{"taxonomy":"post_tag","embeddable":true,"href":"https:\/\/guayoyo24.com\/website\/wp-json\/wp\/v2\/tags?post=19373"}],"curies":[{"name":"wp","href":"https:\/\/api.w.org\/{rel}","templated":true}]}}