{"id":19482,"date":"2025-05-07T07:57:59","date_gmt":"2025-05-07T11:57:59","guid":{"rendered":"https:\/\/guayoyo24.com\/website\/?p=19482"},"modified":"2025-05-07T07:58:12","modified_gmt":"2025-05-07T11:58:12","slug":"orquesta-regional-alma-llanera-don-antonio-torrealba-se-une-al-vive-el-sistema-fest-con-dos-conciertos-gratuitos","status":"publish","type":"post","link":"https:\/\/guayoyo24.com\/website\/2025\/05\/07\/orquesta-regional-alma-llanera-don-antonio-torrealba-se-une-al-vive-el-sistema-fest-con-dos-conciertos-gratuitos\/","title":{"rendered":"Orquesta Regional Alma Llanera \u201cDon Antonio Torrealba\u201d se une al Vive El Sistema Fest con dos conciertos gratuitos"},"content":{"rendered":"<p>&nbsp;<\/p>\n<p>Jorveis Ortegano Valecillo\/<br \/>\nPrensa El Sistema Portuguesa.-<\/p>\n<p>En el marco del Vive El Sistema Fest y la conmemoraci\u00f3n del 50 aniversario del Sistema Nacional de Orquestas y Coros Juveniles e Infantiles de Venezuela, la Orquesta Regional Alma Llanera \u201cDon Antonio Torrealba\u201d se presentar\u00e1 en dos galas gratuitas para el disfrute de la colectividad portuguese\u00f1a.<br \/>\nLa primera cita musical tendr\u00e1 lugar el viernes 9 de mayo, a las 3:00 p.m., en las instalaciones del N\u00facleo Guanare de El Sistema, ubicado en la carrera 4, frente a la plaza Bol\u00edvar de la capital del estado Portuguesa. La segunda gala se llevar\u00e1 a cabo el s\u00e1bado 10 de mayo, a las 3:00 p.m., en la Casa de la Cultura \u201cManuel Graterol Santander\u201d de Tur\u00e9n.<br \/>\nAmbos conciertos reunir\u00e1n a cerca de 80 talentosos m\u00fasicos provenientes de los municipios Guanare, Guanarito, Papel\u00f3n, Ospino, San Genaro de Boconoito y Tur\u00e9n. Bajo la batuta de la directora titular, Elg\u00e9nesis Haricapa, junto al director invitado, Oscar Bejarano, la orquesta ofrecer\u00e1 un espect\u00e1culo musical que explorar\u00e1 la riqueza y diversidad de la m\u00fasica tradicional venezolana, incluyendo la alegr\u00eda del calipso, la energ\u00eda del joropo y la elegancia del vals.<br \/>\nEl Vive El Sistema Fest, que se extiende a lo largo de tres semanas en todo el pa\u00eds a trav\u00e9s de cinco rutas musicales (Sinf\u00f3nica, Venezolana, Ecl\u00e9ctica, Caribe y Familiar), celebra el cincuentenario de El Sistema con m\u00e1s de 80 conciertos en una veintena de escenarios y espacios p\u00fablicos. Estas presentaciones, interpretadas por m\u00e1s de 50 orquestas, ensambles y solistas invitados, buscan visibilizar a nivel nacional e internacional el potencial musical y la diversidad de g\u00e9neros que cultivan las orquestas del Sistema.<br \/>\nEstas galas de la Orquesta Regional Alma Llanera no solo se suman a la celebraci\u00f3n de este importante hito en la historia de El Sistema, sino que tambi\u00e9n reafirman el compromiso de la instituci\u00f3n con la difusi\u00f3n y preservaci\u00f3n del patrimonio musical venezolano, destacando la riqueza cultural del pa\u00eds y el rol fundamental de El Sistema en la formaci\u00f3n integral de j\u00f3venes artistas.<\/p>\n","protected":false},"excerpt":{"rendered":"<p>&nbsp; Jorveis Ortegano Valecillo\/ Prensa El Sistema Portuguesa.- En el marco del Vive El Sistema Fest y la conmemoraci\u00f3n del 50 aniversario del Sistema Nacional de Orquestas y Coros Juveniles e Infantiles de Venezuela, la Orquesta Regional Alma Llanera \u201cDon Antonio Torrealba\u201d se presentar\u00e1 en dos galas gratuitas para el disfrute de la colectividad portuguese\u00f1a. &hellip;<\/p>\n","protected":false},"author":1,"featured_media":19483,"comment_status":"open","ping_status":"open","sticky":false,"template":"","format":"standard","meta":{"_eb_attr":"","_jetpack_memberships_contains_paid_content":false,"footnotes":""},"categories":[34,31],"tags":[],"class_list":["post-19482","post","type-post","status-publish","format-standard","has-post-thumbnail","hentry","category-guayoyo24","category-arte-cultura"],"jetpack_sharing_enabled":true,"jetpack_featured_media_url":"https:\/\/guayoyo24.com\/website\/wp-content\/uploads\/2025\/05\/WhatsApp-Image-2025-05-07-at-7.06.35-AM-1.jpeg","_links":{"self":[{"href":"https:\/\/guayoyo24.com\/website\/wp-json\/wp\/v2\/posts\/19482","targetHints":{"allow":["GET"]}}],"collection":[{"href":"https:\/\/guayoyo24.com\/website\/wp-json\/wp\/v2\/posts"}],"about":[{"href":"https:\/\/guayoyo24.com\/website\/wp-json\/wp\/v2\/types\/post"}],"author":[{"embeddable":true,"href":"https:\/\/guayoyo24.com\/website\/wp-json\/wp\/v2\/users\/1"}],"replies":[{"embeddable":true,"href":"https:\/\/guayoyo24.com\/website\/wp-json\/wp\/v2\/comments?post=19482"}],"version-history":[{"count":1,"href":"https:\/\/guayoyo24.com\/website\/wp-json\/wp\/v2\/posts\/19482\/revisions"}],"predecessor-version":[{"id":19484,"href":"https:\/\/guayoyo24.com\/website\/wp-json\/wp\/v2\/posts\/19482\/revisions\/19484"}],"wp:featuredmedia":[{"embeddable":true,"href":"https:\/\/guayoyo24.com\/website\/wp-json\/wp\/v2\/media\/19483"}],"wp:attachment":[{"href":"https:\/\/guayoyo24.com\/website\/wp-json\/wp\/v2\/media?parent=19482"}],"wp:term":[{"taxonomy":"category","embeddable":true,"href":"https:\/\/guayoyo24.com\/website\/wp-json\/wp\/v2\/categories?post=19482"},{"taxonomy":"post_tag","embeddable":true,"href":"https:\/\/guayoyo24.com\/website\/wp-json\/wp\/v2\/tags?post=19482"}],"curies":[{"name":"wp","href":"https:\/\/api.w.org\/{rel}","templated":true}]}}