{"id":20103,"date":"2025-05-10T19:52:33","date_gmt":"2025-05-10T23:52:33","guid":{"rendered":"https:\/\/guayoyo24.com\/website\/?p=20103"},"modified":"2025-05-12T07:55:43","modified_gmt":"2025-05-12T11:55:43","slug":"artistas-plasticos-de-guanare-celebraron-su-dia-con-pintores-emergentes","status":"publish","type":"post","link":"https:\/\/guayoyo24.com\/website\/2025\/05\/10\/artistas-plasticos-de-guanare-celebraron-su-dia-con-pintores-emergentes\/","title":{"rendered":"Artistas pl\u00e1sticos de Guanare celebraron su d\u00eda con pintores emergentes"},"content":{"rendered":"<p>&nbsp;<\/p>\n<p>Rosairys P\u00e9rez.-<\/p>\n<p>En el marco de la semana del Artista Pl\u00e1stico, el Gabinete del Ministerio del Poder Popular para la Cultura en el estado Portuguesa, celebr\u00f3 con la inauguraci\u00f3n de la exposici\u00f3n \u201cTributo a Rever\u00f3n\u201d, en la Fundaci\u00f3n Red de Arte de Guanare, con 48 obras de 27 artistas emergentes del taller de artes visuales Maijaus y estudiantes de la Universidad Nacional Experimental de las Artes (Unearte).<\/p>\n<p>El artista pl\u00e1stico, Kennys Aponte, quien es el homenajeado en esta celebraci\u00f3n, considera que el futuro de las artes pl\u00e1sticas tiene muy buena proyecci\u00f3n, por la calidad de artistas que est\u00e1n emergiendo.<\/p>\n<p>\u201cEs importante porque es el talento emergente, el talento que viene a relevar el d\u00eda de ma\u00f1ana y qu\u00e9 bonito saber que el futuro va a quedar en buenas manos, tenemos chicos y chicas demasiados valiosos, extraordinarios pudi\u00e9semos compararlos en alg\u00fan momento con un Pablo Picasso, con un Armando Reveron, con un Carlos Cruz Diez, con un Jesus Soto y quiz\u00e1s, es temprano para compararlo pero, por qu\u00e9 no podemos hacerlo, si ellos tienen el futuro all\u00ed en frente\u201d, expres\u00f3 el director del taller Maijaus.<\/p>\n<p>La exhibici\u00f3n de las obras estar\u00e1 abierta al p\u00fablico hasta el 5 de junio en la Red de Arte.<\/p>\n<p>Asimismo, este viernes se llev\u00f3 a cabo en la plaza Bol\u00edvar de Guanare, la actividad \u201cEl arte seg\u00fan un desconocido\u201d, con la realizaci\u00f3n de 10 obras sobre lienzo.<\/p>\n<p>La idea fue presentar una oportunidad a las personas que no guardan relaci\u00f3n con las artes pl\u00e1sticas, de participar como creadores de una obra sobre lienzo con la t\u00e9cnica de pintura al fr\u00edo y con asesor\u00eda de los artistas pl\u00e1sticos.<\/p>\n<p>Los participantes fueron j\u00f3venes de algunas instituciones educativas cercanas a la plaza Bol\u00edvar, donde se desarroll\u00f3 el evento amenizado con presentaciones de canto y baile.<\/p>\n<p>Seis profesionales de las artes pl\u00e1sticas, asistieron a los voluntarios que se permitieron la oportunidad de vivir esta experiencia, entre ellos, se encuentran, Gerardo Perdomo, Kennys Aponte, Eddye Oliverio, Gerardo Fern\u00e1ndez , Esteban Dur\u00e1n, Ana Mar\u00eda Rincones, quienes son conocidos en la ciudad por su larga y destacada trayectoria.<\/p>\n<p>Este s\u00e1bado 10 de mayo, D\u00eda del Artista Pl\u00e1stico, fueron exhibidas las obras en Bajareque Casa de Arte, ubicada en la calle 17 entre carreras 3 y 4 de Guanare.<\/p>\n<p>La iniciativa surgi\u00f3 del seno de los artistas pl\u00e1sticos junto a Manuel Manzanilla, quienes articularon con el Ministerio de la Cultura en Portuguesa para materializar la idea.<\/p>\n<p><img fetchpriority=\"high\" decoding=\"async\" class=\"alignnone size-medium wp-image-20128\" src=\"https:\/\/guayoyo24.com\/website\/wp-content\/uploads\/2025\/05\/WhatsApp-Image-2025-05-10-at-4.41.19-PM-300x225.jpeg\" alt=\"\" width=\"300\" height=\"225\" srcset=\"https:\/\/guayoyo24.com\/website\/wp-content\/uploads\/2025\/05\/WhatsApp-Image-2025-05-10-at-4.41.19-PM-300x225.jpeg 300w, https:\/\/guayoyo24.com\/website\/wp-content\/uploads\/2025\/05\/WhatsApp-Image-2025-05-10-at-4.41.19-PM-1024x768.jpeg 1024w, https:\/\/guayoyo24.com\/website\/wp-content\/uploads\/2025\/05\/WhatsApp-Image-2025-05-10-at-4.41.19-PM-768x576.jpeg 768w, https:\/\/guayoyo24.com\/website\/wp-content\/uploads\/2025\/05\/WhatsApp-Image-2025-05-10-at-4.41.19-PM.jpeg 1280w\" sizes=\"(max-width: 300px) 100vw, 300px\" \/> <img decoding=\"async\" class=\"alignnone size-medium wp-image-20125\" src=\"https:\/\/guayoyo24.com\/website\/wp-content\/uploads\/2025\/05\/WhatsApp-Image-2025-05-10-at-4.41.21-PM-300x225.jpeg\" alt=\"\" width=\"300\" height=\"225\" srcset=\"https:\/\/guayoyo24.com\/website\/wp-content\/uploads\/2025\/05\/WhatsApp-Image-2025-05-10-at-4.41.21-PM-300x225.jpeg 300w, https:\/\/guayoyo24.com\/website\/wp-content\/uploads\/2025\/05\/WhatsApp-Image-2025-05-10-at-4.41.21-PM-1024x768.jpeg 1024w, https:\/\/guayoyo24.com\/website\/wp-content\/uploads\/2025\/05\/WhatsApp-Image-2025-05-10-at-4.41.21-PM-768x576.jpeg 768w, https:\/\/guayoyo24.com\/website\/wp-content\/uploads\/2025\/05\/WhatsApp-Image-2025-05-10-at-4.41.21-PM.jpeg 1280w\" sizes=\"(max-width: 300px) 100vw, 300px\" \/><\/p>\n","protected":false},"excerpt":{"rendered":"<p>&nbsp; Rosairys P\u00e9rez.- En el marco de la semana del Artista Pl\u00e1stico, el Gabinete del Ministerio del Poder Popular para la Cultura en el estado Portuguesa, celebr\u00f3 con la inauguraci\u00f3n de la exposici\u00f3n \u201cTributo a Rever\u00f3n\u201d, en la Fundaci\u00f3n Red de Arte de Guanare, con 48 obras de 27 artistas emergentes del taller de artes &hellip;<\/p>\n","protected":false},"author":1,"featured_media":20122,"comment_status":"open","ping_status":"open","sticky":false,"template":"","format":"standard","meta":{"_eb_attr":"","_jetpack_memberships_contains_paid_content":false,"footnotes":""},"categories":[31],"tags":[],"class_list":["post-20103","post","type-post","status-publish","format-standard","has-post-thumbnail","hentry","category-arte-cultura"],"jetpack_sharing_enabled":true,"jetpack_featured_media_url":"https:\/\/guayoyo24.com\/website\/wp-content\/uploads\/2025\/05\/WhatsApp-Image-2025-05-10-at-4.41.21-PM-1.jpeg","_links":{"self":[{"href":"https:\/\/guayoyo24.com\/website\/wp-json\/wp\/v2\/posts\/20103","targetHints":{"allow":["GET"]}}],"collection":[{"href":"https:\/\/guayoyo24.com\/website\/wp-json\/wp\/v2\/posts"}],"about":[{"href":"https:\/\/guayoyo24.com\/website\/wp-json\/wp\/v2\/types\/post"}],"author":[{"embeddable":true,"href":"https:\/\/guayoyo24.com\/website\/wp-json\/wp\/v2\/users\/1"}],"replies":[{"embeddable":true,"href":"https:\/\/guayoyo24.com\/website\/wp-json\/wp\/v2\/comments?post=20103"}],"version-history":[{"count":1,"href":"https:\/\/guayoyo24.com\/website\/wp-json\/wp\/v2\/posts\/20103\/revisions"}],"predecessor-version":[{"id":20153,"href":"https:\/\/guayoyo24.com\/website\/wp-json\/wp\/v2\/posts\/20103\/revisions\/20153"}],"wp:featuredmedia":[{"embeddable":true,"href":"https:\/\/guayoyo24.com\/website\/wp-json\/wp\/v2\/media\/20122"}],"wp:attachment":[{"href":"https:\/\/guayoyo24.com\/website\/wp-json\/wp\/v2\/media?parent=20103"}],"wp:term":[{"taxonomy":"category","embeddable":true,"href":"https:\/\/guayoyo24.com\/website\/wp-json\/wp\/v2\/categories?post=20103"},{"taxonomy":"post_tag","embeddable":true,"href":"https:\/\/guayoyo24.com\/website\/wp-json\/wp\/v2\/tags?post=20103"}],"curies":[{"name":"wp","href":"https:\/\/api.w.org\/{rel}","templated":true}]}}