{"id":20242,"date":"2025-05-12T08:00:27","date_gmt":"2025-05-12T12:00:27","guid":{"rendered":"https:\/\/guayoyo24.com\/website\/?p=20242"},"modified":"2025-05-12T08:00:27","modified_gmt":"2025-05-12T12:00:27","slug":"voceros-de-lara-y-portuguesa-se-reunen-para-evaluar-el-plan-comunal-del-cafe","status":"publish","type":"post","link":"https:\/\/guayoyo24.com\/website\/2025\/05\/12\/voceros-de-lara-y-portuguesa-se-reunen-para-evaluar-el-plan-comunal-del-cafe\/","title":{"rendered":"Voceros de Lara y Portuguesa se re\u00fanen para evaluar el Plan Comunal del Caf\u00e9"},"content":{"rendered":"<p>&nbsp;<\/p>\n<p>VTV.-<\/p>\n<p>Voceros y voceras de los estados Lara y Portuguesa, integrantes de la Comisi\u00f3n Nacional del Plan Comunal del Caf\u00e9, sostuvieron una mesa t\u00e9cnica de alto nivel para evaluar el impacto positivo de este plan en el desarrollo de la caficultura comunitaria durante la cosecha de 2024 y trazar l\u00edneas de acci\u00f3n para la consolidaci\u00f3n de esta estrategia.<\/p>\n<p>El encuentro se dio en las instalaciones del Ministerio del Poder Popular para las Comunas, Movimientos Sociales y Agricultura Urbana y destac\u00f3 que la implementaci\u00f3n del mencionado proyecto que permiti\u00f3 sostener el precio del caf\u00e9 en la \u00e9poca de zafra, cuando tradicionalmente tiende a bajar. Adem\u00e1s, en el encuentro se abord\u00f3 tambi\u00e9n el dise\u00f1o de mecanismos que garanticen el pago de los cr\u00e9ditos otorgados a trav\u00e9s del Consejo Federal de Gobierno (CFG), como parte de un proceso de rendici\u00f3n de cuentas transparente y participativo.<\/p>\n<p>Asimismo, se revisaron experiencias exitosas como la rehabilitaci\u00f3n de v\u00edas agr\u00edcolas, la distribuci\u00f3n de insumos y la transferencia de la Torrefactora Enriquito Colmenares en Sanare, estado Lara, a manos comunales. Durante la actividad, se detall\u00f3 c\u00f3mo mejoraron la calidad del producto mediante el suministro oportuno de combustible y otras condiciones que dignificaron la vida y el trabajo de las caficultoras y caficultores organizados.<\/p>\n<p>La caficultora Yulieni Vega, quien hace vida en la Comuna Filas de Cachicamo del municipio Ospino en Portuguesa, expres\u00f3 que \u201cel financiamiento enviado por el presidente Nicol\u00e1s Maduro fue beneficioso para quienes integramos este plan. Nos permiti\u00f3 cubrir los costos de la cosecha desde el territorio, y gracias al Plan Gasoil y Diesel pudimos elevar la calidad del caf\u00e9, permitiendo incluso su exportaci\u00f3n\u201d.<\/p>\n<p>Uno de los hitos m\u00e1s relevantes del plan ha sido la llegada del caf\u00e9 comunal molido a las Bodegas Comunales instaladas por el Ministerio del Poder Popular de Comercio Nacional en las principales ciudades del pa\u00eds, lo que representa un avance en la consolidaci\u00f3n de los Circuitos Econ\u00f3micos Comunales (CEC).<\/p>\n<p>La reuni\u00f3n cont\u00f3 con la presencia del comunero y ministro para las Comunas, Movimientos Sociales y Agricultura Urbana, \u00c1ngel Prado, y del secretario ejecutivo del Consejo Federal de Gobierno, Leonardo Montezuma, quien reafirm\u00f3 el compromiso institucional de seguir con el acompa\u00f1amiento a la organizaci\u00f3n caficultora en 14 estados del pa\u00eds, en articulaci\u00f3n con el Poder Popular.<\/p>\n","protected":false},"excerpt":{"rendered":"<p>&nbsp; VTV.- Voceros y voceras de los estados Lara y Portuguesa, integrantes de la Comisi\u00f3n Nacional del Plan Comunal del Caf\u00e9, sostuvieron una mesa t\u00e9cnica de alto nivel para evaluar el impacto positivo de este plan en el desarrollo de la caficultura comunitaria durante la cosecha de 2024 y trazar l\u00edneas de acci\u00f3n para la &hellip;<\/p>\n","protected":false},"author":1,"featured_media":20260,"comment_status":"open","ping_status":"open","sticky":false,"template":"","format":"standard","meta":{"_eb_attr":"","_jetpack_memberships_contains_paid_content":false,"footnotes":""},"categories":[25],"tags":[],"class_list":["post-20242","post","type-post","status-publish","format-standard","has-post-thumbnail","hentry","category-region"],"jetpack_sharing_enabled":true,"jetpack_featured_media_url":"https:\/\/guayoyo24.com\/website\/wp-content\/uploads\/2025\/05\/WhatsApp-Image-2025-05-11-at-10.17.01-AM-1.jpeg","_links":{"self":[{"href":"https:\/\/guayoyo24.com\/website\/wp-json\/wp\/v2\/posts\/20242","targetHints":{"allow":["GET"]}}],"collection":[{"href":"https:\/\/guayoyo24.com\/website\/wp-json\/wp\/v2\/posts"}],"about":[{"href":"https:\/\/guayoyo24.com\/website\/wp-json\/wp\/v2\/types\/post"}],"author":[{"embeddable":true,"href":"https:\/\/guayoyo24.com\/website\/wp-json\/wp\/v2\/users\/1"}],"replies":[{"embeddable":true,"href":"https:\/\/guayoyo24.com\/website\/wp-json\/wp\/v2\/comments?post=20242"}],"version-history":[{"count":1,"href":"https:\/\/guayoyo24.com\/website\/wp-json\/wp\/v2\/posts\/20242\/revisions"}],"predecessor-version":[{"id":20267,"href":"https:\/\/guayoyo24.com\/website\/wp-json\/wp\/v2\/posts\/20242\/revisions\/20267"}],"wp:featuredmedia":[{"embeddable":true,"href":"https:\/\/guayoyo24.com\/website\/wp-json\/wp\/v2\/media\/20260"}],"wp:attachment":[{"href":"https:\/\/guayoyo24.com\/website\/wp-json\/wp\/v2\/media?parent=20242"}],"wp:term":[{"taxonomy":"category","embeddable":true,"href":"https:\/\/guayoyo24.com\/website\/wp-json\/wp\/v2\/categories?post=20242"},{"taxonomy":"post_tag","embeddable":true,"href":"https:\/\/guayoyo24.com\/website\/wp-json\/wp\/v2\/tags?post=20242"}],"curies":[{"name":"wp","href":"https:\/\/api.w.org\/{rel}","templated":true}]}}