{"id":20379,"date":"2025-05-12T08:10:46","date_gmt":"2025-05-12T12:10:46","guid":{"rendered":"https:\/\/guayoyo24.com\/website\/?p=20379"},"modified":"2025-05-12T08:10:46","modified_gmt":"2025-05-12T12:10:46","slug":"participantes-de-la-olimpiada-juvenil-de-ciencias-de-barinas-y-portuguesa-se-sumaron-al-global-big-day-2025","status":"publish","type":"post","link":"https:\/\/guayoyo24.com\/website\/2025\/05\/12\/participantes-de-la-olimpiada-juvenil-de-ciencias-de-barinas-y-portuguesa-se-sumaron-al-global-big-day-2025\/","title":{"rendered":"Participantes de la Olimpiada Juvenil de Ciencias de Barinas y Portuguesa se sumaron al Global Big Day 2025"},"content":{"rendered":"<p style=\"text-align: justify;\">\n<p style=\"text-align: justify;\">Fundacite.-<\/p>\n<p style=\"text-align: justify;\">J\u00f3venes del estado Barinas y Portuguesa se sumaron este s\u00e1bado al Global Big Day 2025, una fecha que busca promover la conservaci\u00f3n de las aves migratorias.<\/p>\n<p style=\"text-align: justify;\">Los estudiantes participar\u00e1n en la I Olimpiada Venezolana Juvenil de Ciencias que tiene como tema fundamental Plumas y Cantos: Explorando el mundo de las Aves.<\/p>\n<p style=\"text-align: justify;\">En el estado Barinas, realizaron una actividad en el parque La Federaci\u00f3n, donde un grupo de estudiantes de la Unidad Educativa Herminio Le\u00f3n Colmenares participaron en la observaci\u00f3n y descripci\u00f3n de las aves que se encuentran en el lugar.<\/p>\n<p style=\"text-align: justify;\">La actividad fue organizada por la Fundaci\u00f3n para el Desarrollo de la Ciencia y Tecnolog\u00eda (Fundacite) del estado junto al Centro de Desarrollo para la Calidad Educativa, con el respaldo de la Escuela de Observaci\u00f3n de Aves (Escoaves).<\/p>\n<p style=\"text-align: justify;\">En Portuguesa, el grupo de estudiantes recorri\u00f3 el parque Los Samanes, pulm\u00f3n vegetal de Guanare, capital.<\/p>\n<p style=\"text-align: justify;\">En esta jornada, participaron los estudiantes de los liceos San Juan de Guanaguanare y el Monse\u00f1or Jos\u00e9 Vicente de Unda, quienes tuvieron la oportunidad de observar, identificar y registrar aves a 220 metros sobre el nivel del mar.<\/p>\n<p style=\"text-align: justify;\">Estas actividades, que forman parte de la Gran Misi\u00f3n Ciencia, Tecnolog\u00eda e Innovaci\u00f3n Dr. Humberto Fern\u00e1ndez -Mor\u00e1n\u00bb, son organizadas con el objetivo de fomentar la curiosidad por las ciencias y formarlos en materia de biodiversidad y medidas para protegerla desde los primeros niveles de educaci\u00f3n.<\/p>\n<p><img fetchpriority=\"high\" decoding=\"async\" class=\"alignnone wp-image-20427 size-full\" src=\"https:\/\/guayoyo24.com\/website\/wp-content\/uploads\/2025\/05\/WhatsApp-Image-2025-05-12-at-6.57.05-AM-2.jpeg\" alt=\"\" width=\"960\" height=\"1280\" srcset=\"https:\/\/guayoyo24.com\/website\/wp-content\/uploads\/2025\/05\/WhatsApp-Image-2025-05-12-at-6.57.05-AM-2.jpeg 960w, https:\/\/guayoyo24.com\/website\/wp-content\/uploads\/2025\/05\/WhatsApp-Image-2025-05-12-at-6.57.05-AM-2-225x300.jpeg 225w, https:\/\/guayoyo24.com\/website\/wp-content\/uploads\/2025\/05\/WhatsApp-Image-2025-05-12-at-6.57.05-AM-2-768x1024.jpeg 768w\" sizes=\"(max-width: 960px) 100vw, 960px\" \/><\/p>\n<p><img decoding=\"async\" class=\"alignnone wp-image-20429 size-full\" src=\"https:\/\/guayoyo24.com\/website\/wp-content\/uploads\/2025\/05\/WhatsApp-Image-2025-05-12-at-6.57.04-AM-1-2.jpeg\" alt=\"\" width=\"1080\" height=\"1080\" srcset=\"https:\/\/guayoyo24.com\/website\/wp-content\/uploads\/2025\/05\/WhatsApp-Image-2025-05-12-at-6.57.04-AM-1-2.jpeg 1080w, https:\/\/guayoyo24.com\/website\/wp-content\/uploads\/2025\/05\/WhatsApp-Image-2025-05-12-at-6.57.04-AM-1-2-300x300.jpeg 300w, https:\/\/guayoyo24.com\/website\/wp-content\/uploads\/2025\/05\/WhatsApp-Image-2025-05-12-at-6.57.04-AM-1-2-1024x1024.jpeg 1024w, https:\/\/guayoyo24.com\/website\/wp-content\/uploads\/2025\/05\/WhatsApp-Image-2025-05-12-at-6.57.04-AM-1-2-150x150.jpeg 150w, https:\/\/guayoyo24.com\/website\/wp-content\/uploads\/2025\/05\/WhatsApp-Image-2025-05-12-at-6.57.04-AM-1-2-768x768.jpeg 768w\" sizes=\"(max-width: 1080px) 100vw, 1080px\" \/><\/p>\n<p>&nbsp;<\/p>\n<p><img decoding=\"async\" class=\"alignnone wp-image-20431 size-large\" src=\"https:\/\/guayoyo24.com\/website\/wp-content\/uploads\/2025\/05\/WhatsApp-Image-2025-05-12-at-6.57.04-AM-4-1024x1024.jpeg\" alt=\"\" width=\"1024\" height=\"1024\" srcset=\"https:\/\/guayoyo24.com\/website\/wp-content\/uploads\/2025\/05\/WhatsApp-Image-2025-05-12-at-6.57.04-AM-4-1024x1024.jpeg 1024w, https:\/\/guayoyo24.com\/website\/wp-content\/uploads\/2025\/05\/WhatsApp-Image-2025-05-12-at-6.57.04-AM-4-300x300.jpeg 300w, https:\/\/guayoyo24.com\/website\/wp-content\/uploads\/2025\/05\/WhatsApp-Image-2025-05-12-at-6.57.04-AM-4-150x150.jpeg 150w, https:\/\/guayoyo24.com\/website\/wp-content\/uploads\/2025\/05\/WhatsApp-Image-2025-05-12-at-6.57.04-AM-4-768x768.jpeg 768w, https:\/\/guayoyo24.com\/website\/wp-content\/uploads\/2025\/05\/WhatsApp-Image-2025-05-12-at-6.57.04-AM-4.jpeg 1080w\" sizes=\"(max-width: 1024px) 100vw, 1024px\" \/><\/p>\n<p><img loading=\"lazy\" decoding=\"async\" class=\"alignnone wp-image-20434 size-full\" src=\"https:\/\/guayoyo24.com\/website\/wp-content\/uploads\/2025\/05\/WhatsApp-Image-2025-05-12-at-6.57.03-AM-2.jpeg\" alt=\"\" width=\"960\" height=\"1280\" srcset=\"https:\/\/guayoyo24.com\/website\/wp-content\/uploads\/2025\/05\/WhatsApp-Image-2025-05-12-at-6.57.03-AM-2.jpeg 960w, https:\/\/guayoyo24.com\/website\/wp-content\/uploads\/2025\/05\/WhatsApp-Image-2025-05-12-at-6.57.03-AM-2-225x300.jpeg 225w, https:\/\/guayoyo24.com\/website\/wp-content\/uploads\/2025\/05\/WhatsApp-Image-2025-05-12-at-6.57.03-AM-2-768x1024.jpeg 768w\" sizes=\"(max-width: 960px) 100vw, 960px\" \/><\/p>\n","protected":false},"excerpt":{"rendered":"<p>Fundacite.- J\u00f3venes del estado Barinas y Portuguesa se sumaron este s\u00e1bado al Global Big Day 2025, una fecha que busca promover la conservaci\u00f3n de las aves migratorias. Los estudiantes participar\u00e1n en la I Olimpiada Venezolana Juvenil de Ciencias que tiene como tema fundamental Plumas y Cantos: Explorando el mundo de las Aves. En el estado &hellip;<\/p>\n","protected":false},"author":1,"featured_media":20403,"comment_status":"open","ping_status":"open","sticky":false,"template":"","format":"standard","meta":{"_eb_attr":"","_jetpack_memberships_contains_paid_content":false,"footnotes":""},"categories":[25],"tags":[],"class_list":["post-20379","post","type-post","status-publish","format-standard","has-post-thumbnail","hentry","category-region"],"jetpack_sharing_enabled":true,"jetpack_featured_media_url":"https:\/\/guayoyo24.com\/website\/wp-content\/uploads\/2025\/05\/WhatsApp-Image-2025-05-12-at-6.57.04-AM-2-1.jpeg","_links":{"self":[{"href":"https:\/\/guayoyo24.com\/website\/wp-json\/wp\/v2\/posts\/20379","targetHints":{"allow":["GET"]}}],"collection":[{"href":"https:\/\/guayoyo24.com\/website\/wp-json\/wp\/v2\/posts"}],"about":[{"href":"https:\/\/guayoyo24.com\/website\/wp-json\/wp\/v2\/types\/post"}],"author":[{"embeddable":true,"href":"https:\/\/guayoyo24.com\/website\/wp-json\/wp\/v2\/users\/1"}],"replies":[{"embeddable":true,"href":"https:\/\/guayoyo24.com\/website\/wp-json\/wp\/v2\/comments?post=20379"}],"version-history":[{"count":1,"href":"https:\/\/guayoyo24.com\/website\/wp-json\/wp\/v2\/posts\/20379\/revisions"}],"predecessor-version":[{"id":20468,"href":"https:\/\/guayoyo24.com\/website\/wp-json\/wp\/v2\/posts\/20379\/revisions\/20468"}],"wp:featuredmedia":[{"embeddable":true,"href":"https:\/\/guayoyo24.com\/website\/wp-json\/wp\/v2\/media\/20403"}],"wp:attachment":[{"href":"https:\/\/guayoyo24.com\/website\/wp-json\/wp\/v2\/media?parent=20379"}],"wp:term":[{"taxonomy":"category","embeddable":true,"href":"https:\/\/guayoyo24.com\/website\/wp-json\/wp\/v2\/categories?post=20379"},{"taxonomy":"post_tag","embeddable":true,"href":"https:\/\/guayoyo24.com\/website\/wp-json\/wp\/v2\/tags?post=20379"}],"curies":[{"name":"wp","href":"https:\/\/api.w.org\/{rel}","templated":true}]}}