{"id":21141,"date":"2025-06-02T20:30:58","date_gmt":"2025-06-03T00:30:58","guid":{"rendered":"https:\/\/guayoyo24.com\/website\/?p=21141"},"modified":"2025-06-03T10:25:20","modified_gmt":"2025-06-03T14:25:20","slug":"legislador-luis-becerra-fue-elegido-presidente-del-consejo-legislativo-del-estado-portuguesa","status":"publish","type":"post","link":"https:\/\/guayoyo24.com\/website\/2025\/06\/02\/legislador-luis-becerra-fue-elegido-presidente-del-consejo-legislativo-del-estado-portuguesa\/","title":{"rendered":"Legislador Luis Becerra fue elegido presidente del Consejo Legislativo del Estado Portuguesa"},"content":{"rendered":"<p>&nbsp;<\/p>\n<p>La tarde de este lunes desde el Sal\u00f3n de Sesiones del Palacio Legislativo en Guanare se llev\u00f3 a cabo la elecci\u00f3n, juramentaci\u00f3n e instalaci\u00f3n de la Junta Directiva del Consejo Legislativo del Estado, siendo elegido como presidente el legislador Luis Becerra; como vicepresidenta la legisladora joven Jairelys Mart\u00ednez y como secretario el abogado Carlos Su\u00e1rez para el per\u00edodo 2025-2026.<\/p>\n<p>La Sesi\u00f3n cont\u00f3 con la asistencia del gobernador Primitivo Cede\u00f1o, as\u00ed como de las autoridades civiles y militares del Estado. La votaci\u00f3n para la elecci\u00f3n de la Junta Directiva se desarroll\u00f3 en el marco del consenso de los 11 parlamentarios todos integrantes de la bancada del Bloque de la Patria.<\/p>\n<p>Seg\u00fan la Ley por ser el parlamentario de mayor edad, el legislador Alirio Bonilla fue el director de debate de la Sesi\u00f3n, mientras que el legislador Eliecer Pe\u00f1a fue el secretario accidental. Para avanzar a las votaciones correspondi\u00f3 a los legisladores Darki P\u00e9rez, Yelitza Pimentel y Jos\u00e9 Harris, proponer al legislador Becerra, la legisladora Mart\u00ednez y al abogado Su\u00e1rez para los cargos de presidente, vicepresidenta y secretario respectivamente.<\/p>\n<p>As\u00ed, con el voto un\u00e1nime se concert\u00f3 la elecci\u00f3n y se procedi\u00f3 a la juramentaci\u00f3n de la Junta Directiva conjuntamente con las legisladoras y legisladores electos para el nuevo per\u00edodo 2025-2029, entre ellos Luis Becerra, Jairelys Martinez, Yelitza Pimentel, Lino D\u00edaz, Luis Carrizalez, Jes\u00fas Daniel D\u00edaz, Darki P\u00e9rez, Albin Alvarado, Alirio Bonilla, Jose Ram\u00f3n Harris y<br \/>\nEliecer Pe\u00f1a.<\/p>\n<p>El gobernador Cede\u00f1o fue quien les tom\u00f3 juramento, y al intervenir en la sesi\u00f3n primeramente felicit\u00f3 a los legisladores de la gesti\u00f3n saliente por el gran trabajo realizado, y seguidamente expres\u00f3 que los legisladores entrantes tienen la gran tarea de adaptar las leyes del Estado a las nuevas realidaes y transformaciones con base en las leyes que apruebe la Asamblea Nacional.<\/p>\n<p>Por su parte, el legislador-presidente, en sus palabras asever\u00f3 que este parlamento va a legislar con la gente, con el pueblo desde la calle. \u00abEste proceso no se dirige desde las oficinas sino desde el coraz\u00f3n de las comunidades\u00bb sentenci\u00f3.<\/p>\n<p>\u00abNo venimos a diagnosticar lo que ya conocemos, venimos a transformar y resolver. Hemos demostrado a pesar del bloqueo que podemos dar bienestar al pueblo, hemos llevado agua donde no hab\u00eda y luz donde reinaba la oscuridad, gracias a la gran gesti\u00f3n del gobernador Primitivo Cede\u00f1o quien devolvi\u00f3 la esperanza al pueblo de Portuguesa\u00bb manifest\u00f3 Becerra.<\/p>\n<p>El legislador-presidente, no dud\u00f3 en afirmar que la Revoluci\u00f3n seguir\u00e1 venciendo, porque con ella manda el pueblo. \u00abLa Patria avanza victoriosa, apostamos a la paz, que es garant\u00eda de inversi\u00f3n, desarrollo y futuro\u00bb\u00a0finaliz\u00f3.<\/p>\n","protected":false},"excerpt":{"rendered":"<p>&nbsp; La tarde de este lunes desde el Sal\u00f3n de Sesiones del Palacio Legislativo en Guanare se llev\u00f3 a cabo la elecci\u00f3n, juramentaci\u00f3n e instalaci\u00f3n de la Junta Directiva del Consejo Legislativo del Estado, siendo elegido como presidente el legislador Luis Becerra; como vicepresidenta la legisladora joven Jairelys Mart\u00ednez y como secretario el abogado Carlos &hellip;<\/p>\n","protected":false},"author":1,"featured_media":21176,"comment_status":"open","ping_status":"open","sticky":false,"template":"","format":"standard","meta":{"_eb_attr":"","_jetpack_memberships_contains_paid_content":false,"footnotes":""},"categories":[25],"tags":[],"class_list":["post-21141","post","type-post","status-publish","format-standard","has-post-thumbnail","hentry","category-region"],"jetpack_sharing_enabled":true,"jetpack_featured_media_url":"https:\/\/guayoyo24.com\/website\/wp-content\/uploads\/2025\/06\/Imagen-de-WhatsApp-2025-06-02-a-las-19.31.05_56021d05.jpg","_links":{"self":[{"href":"https:\/\/guayoyo24.com\/website\/wp-json\/wp\/v2\/posts\/21141","targetHints":{"allow":["GET"]}}],"collection":[{"href":"https:\/\/guayoyo24.com\/website\/wp-json\/wp\/v2\/posts"}],"about":[{"href":"https:\/\/guayoyo24.com\/website\/wp-json\/wp\/v2\/types\/post"}],"author":[{"embeddable":true,"href":"https:\/\/guayoyo24.com\/website\/wp-json\/wp\/v2\/users\/1"}],"replies":[{"embeddable":true,"href":"https:\/\/guayoyo24.com\/website\/wp-json\/wp\/v2\/comments?post=21141"}],"version-history":[{"count":1,"href":"https:\/\/guayoyo24.com\/website\/wp-json\/wp\/v2\/posts\/21141\/revisions"}],"predecessor-version":[{"id":21175,"href":"https:\/\/guayoyo24.com\/website\/wp-json\/wp\/v2\/posts\/21141\/revisions\/21175"}],"wp:featuredmedia":[{"embeddable":true,"href":"https:\/\/guayoyo24.com\/website\/wp-json\/wp\/v2\/media\/21176"}],"wp:attachment":[{"href":"https:\/\/guayoyo24.com\/website\/wp-json\/wp\/v2\/media?parent=21141"}],"wp:term":[{"taxonomy":"category","embeddable":true,"href":"https:\/\/guayoyo24.com\/website\/wp-json\/wp\/v2\/categories?post=21141"},{"taxonomy":"post_tag","embeddable":true,"href":"https:\/\/guayoyo24.com\/website\/wp-json\/wp\/v2\/tags?post=21141"}],"curies":[{"name":"wp","href":"https:\/\/api.w.org\/{rel}","templated":true}]}}