{"id":21314,"date":"2025-06-06T16:11:30","date_gmt":"2025-06-06T20:11:30","guid":{"rendered":"https:\/\/guayoyo24.com\/website\/?p=21314"},"modified":"2025-06-06T16:11:30","modified_gmt":"2025-06-06T20:11:30","slug":"conformadas-comisiones-y-subcomisiones-permanentes-en-el-clep","status":"publish","type":"post","link":"https:\/\/guayoyo24.com\/website\/2025\/06\/06\/conformadas-comisiones-y-subcomisiones-permanentes-en-el-clep\/","title":{"rendered":"Conformadas comisiones y subcomisiones permanentes en el CLEP"},"content":{"rendered":"<p style=\"text-align: justify;\">\n<p style=\"text-align: justify;\">CLEP.-<\/p>\n<p style=\"text-align: justify;\">Cumpliendo con lo pautado en el Reglamento de Interior y Debate del Consejo Legislativo del estado Portuguesa (CLEP), los legisladores y legisladoras del Bloque de la Patria designaron y aprobaron las Comisiones Permanentes de Trabajo, para el periodo 2025-2026.<br \/>\nEn su primera sesi\u00f3n ordinaria, el presidente del Parlamento Regional, legislador Luis Becerra, someti\u00f3 a consideraci\u00f3n la estructura de las diferentes Comisiones, la cual fue dise\u00f1ada en reuni\u00f3n previa con los dem\u00e1s parlamentarios, quienes all\u00ed la aprobaron por unanimidad.<br \/>\nEl legislador Eliezer Pe\u00f1a, qued\u00f3 como presidente de la Comisi\u00f3n Permanente de Contralor\u00eda y Finanzas, y como vicepresidente, su hom\u00f3logo Lino Diaz; en la Comisi\u00f3n Permanente del Pueblo Legislador, Seguridad y Prevenci\u00f3n<br \/>\nIntegral, la legisladora Jairelys Mart\u00ednez estar\u00e1 como presidenta, y como vicepresidente, el legislador Jos\u00e9 Harris.<br \/>\nLa Comisi\u00f3n Permanente de Desarrollo Comunal y Salud<br \/>\nIntegral ser\u00e1 presidida por la legisladora Yelitza Pimentel, y en la vicepresidencia la acompa\u00f1a el legislador Eliezer Pe\u00f1a. De la misma manera, en la Comisi\u00f3n Permanente de Agricultura, Producci\u00f3n y Abastecimiento seguir\u00e1 como presidente el legislador Alirio Bonilla y como vicepresidente, su hom\u00f3logo<br \/>\nLuis Carrizalez.<br \/>\nEl legislador Darki P\u00e9rez, continuar\u00e1 como presidente de la Comisi\u00f3n Permanente de Ecosocialismo, Ordenaci\u00f3n<br \/>\nTerritorial y Servicios, y en la vicepresidencia, el legislador Jes\u00fas Daniel D\u00edaz. Igualmente, se aprob\u00f3 que la presidencia de la Comisi\u00f3n Permanente de Gesti\u00f3n de Gobierno, Infraestructura y Bienes, est\u00e9 a cargo del legislador Lino Diaz, y como vicepresidenta la legisladora Yelitza Pimentel.<br \/>\nEn la Comisi\u00f3n Permanente de Educaci\u00f3n, Ciencia y Tecnolog\u00eda, Cultura y Deportes, el legislador Luis Carrizalez ser\u00e1 el presidente y la vicepresidencia estar\u00e1 a cargo del legislador Jes\u00fas\u00a0Daniel\u00a0Diaz.<\/p>\n","protected":false},"excerpt":{"rendered":"<p>CLEP.- Cumpliendo con lo pautado en el Reglamento de Interior y Debate del Consejo Legislativo del estado Portuguesa (CLEP), los legisladores y legisladoras del Bloque de la Patria designaron y aprobaron las Comisiones Permanentes de Trabajo, para el periodo 2025-2026. En su primera sesi\u00f3n ordinaria, el presidente del Parlamento Regional, legislador Luis Becerra, someti\u00f3 a &hellip;<\/p>\n","protected":false},"author":1,"featured_media":21315,"comment_status":"open","ping_status":"open","sticky":false,"template":"","format":"standard","meta":{"_eb_attr":"","_jetpack_memberships_contains_paid_content":false,"footnotes":""},"categories":[25],"tags":[],"class_list":["post-21314","post","type-post","status-publish","format-standard","has-post-thumbnail","hentry","category-region"],"jetpack_sharing_enabled":true,"jetpack_featured_media_url":"https:\/\/guayoyo24.com\/website\/wp-content\/uploads\/2025\/06\/Imagen-de-WhatsApp-2025-06-06-a-las-15.47.40_a0226d1a.jpg","_links":{"self":[{"href":"https:\/\/guayoyo24.com\/website\/wp-json\/wp\/v2\/posts\/21314","targetHints":{"allow":["GET"]}}],"collection":[{"href":"https:\/\/guayoyo24.com\/website\/wp-json\/wp\/v2\/posts"}],"about":[{"href":"https:\/\/guayoyo24.com\/website\/wp-json\/wp\/v2\/types\/post"}],"author":[{"embeddable":true,"href":"https:\/\/guayoyo24.com\/website\/wp-json\/wp\/v2\/users\/1"}],"replies":[{"embeddable":true,"href":"https:\/\/guayoyo24.com\/website\/wp-json\/wp\/v2\/comments?post=21314"}],"version-history":[{"count":1,"href":"https:\/\/guayoyo24.com\/website\/wp-json\/wp\/v2\/posts\/21314\/revisions"}],"predecessor-version":[{"id":21316,"href":"https:\/\/guayoyo24.com\/website\/wp-json\/wp\/v2\/posts\/21314\/revisions\/21316"}],"wp:featuredmedia":[{"embeddable":true,"href":"https:\/\/guayoyo24.com\/website\/wp-json\/wp\/v2\/media\/21315"}],"wp:attachment":[{"href":"https:\/\/guayoyo24.com\/website\/wp-json\/wp\/v2\/media?parent=21314"}],"wp:term":[{"taxonomy":"category","embeddable":true,"href":"https:\/\/guayoyo24.com\/website\/wp-json\/wp\/v2\/categories?post=21314"},{"taxonomy":"post_tag","embeddable":true,"href":"https:\/\/guayoyo24.com\/website\/wp-json\/wp\/v2\/tags?post=21314"}],"curies":[{"name":"wp","href":"https:\/\/api.w.org\/{rel}","templated":true}]}}