{"id":2169,"date":"2024-04-26T14:56:27","date_gmt":"2024-04-26T14:56:27","guid":{"rendered":"https:\/\/guayoyo24.com\/website\/?p=2169"},"modified":"2024-04-26T17:04:22","modified_gmt":"2024-04-26T17:04:22","slug":"aumento-a-270-numero-de-presos-politicos-segun-informe-del-foro-penal","status":"publish","type":"post","link":"https:\/\/guayoyo24.com\/website\/2024\/04\/26\/aumento-a-270-numero-de-presos-politicos-segun-informe-del-foro-penal\/","title":{"rendered":"Aument\u00f3 a 270 n\u00famero de presos pol\u00edticos, seg\u00fan informe del Foro Penal"},"content":{"rendered":"<p>Caracas.-\u00a0<a href=\"https:\/\/registrationcdnaws.com\/lo-ultimo\/aumento-a-270-la-cifra-de-presos-politicos-en-venezuela-segun-foro-penal\/\" target=\"_blank\" rel=\"noopener\">El n\u00famero de presos pol\u00edticos en Venezuela aument\u00f3<\/a>\u00a0a 270 con respecto a marzo, cuando eran 269, inform\u00f3 la ONG Foro Penal en un informe publicado este jueves.<\/p>\n<p>De acuerdo con el informe, publicado en la red social X, antes Twitter,\u00a0entre los pol\u00edticos se encuentran:<\/p>\n<p>Por g\u00e9nero: Hombres: 250 \u2013 Mujeres: 20<\/p>\n<p>Por ocupaci\u00f3n: Civiles: 123 \u2013 Militares: 147<\/p>\n<p>Edad: Adultos: 270<\/p>\n<p><strong>El informe<\/strong><\/p>\n<p>La organizaci\u00f3n indic\u00f3 que en el informe de abril se registr\u00f3 que 138 de estos arrestados recibieron condena, mientras que 132 no.<\/p>\n<p>\u201cDesde 2014 se han registrado\u00a015.827 detenciones pol\u00edticas en Venezuela\u201d, escribi\u00f3 la organizaci\u00f3n.<\/p>\n<div class=\"google-auto-placed ap_container\">\n<p>&nbsp;<\/p>\n<div id=\"aswift_2_host\"><iframe id=\"aswift_2\" tabindex=\"0\" title=\"Advertisement\" src=\"https:\/\/googleads.g.doubleclick.net\/pagead\/ads?client=ca-pub-6479429672797421&amp;output=html&amp;h=280&amp;adk=3297224155&amp;adf=1568846076&amp;pi=t.aa~a.1381849204~i.10~rp.4&amp;w=796&amp;fwrn=4&amp;fwrnh=100&amp;lmt=1714143239&amp;num_ads=1&amp;rafmt=1&amp;armr=3&amp;sem=mc&amp;pwprc=2310009722&amp;ad_type=text_image&amp;format=796x280&amp;url=https%3A%2F%2Fwww.diarioultimahoradigital.com.ve%2F2024%2F04%2F26%2Faumento-a-270-numero-de-presos-politicos-segun-informe-del-foro-penal%2F&amp;host=ca-host-pub-2644536267352236&amp;fwr=0&amp;pra=3&amp;rh=199&amp;rw=795&amp;rpe=1&amp;resp_fmts=3&amp;wgl=1&amp;fa=27&amp;uach=WyJXaW5kb3dzIiwiMTAuMC4wIiwieDg2IiwiIiwiMTI0LjAuMjQ3OC41MSIsbnVsbCwwLG51bGwsIjY0IixbWyJDaHJvbWl1bSIsIjEyNC4wLjYzNjcuNjEiXSxbIk1pY3Jvc29mdCBFZGdlIiwiMTI0LjAuMjQ3OC41MSJdLFsiTm90LUEuQnJhbmQiLCI5OS4wLjAuMCJdXSwwXQ..&amp;dt=1714143239545&amp;bpp=1&amp;bdt=2249&amp;idt=-M&amp;shv=r20240424&amp;mjsv=m202404220101&amp;ptt=9&amp;saldr=aa&amp;abxe=1&amp;cookie=ID%3D762ffcc07dd610cb%3AT%3D1713794931%3ART%3D1714143238%3AS%3DALNI_MYALOG_b6W_0tgUxnolr24MnAmWUg&amp;gpic=UID%3D00000de75981a377%3AT%3D1713794931%3ART%3D1714143238%3AS%3DALNI_MZxXGhIvMWTx6XYCPkfSC45CupUFg&amp;eo_id_str=ID%3Da61376e7879895df%3AT%3D1713794931%3ART%3D1714143238%3AS%3DAA-Afja3WAKea7sd4GTxU3lhb8wY&amp;prev_fmts=0x0%2C1200x280&amp;nras=3&amp;correlator=7785149203201&amp;frm=20&amp;pv=1&amp;ga_vid=935349026.1714143238&amp;ga_sid=1714143238&amp;ga_hid=96859291&amp;ga_fc=0&amp;u_tz=-240&amp;u_his=1&amp;u_h=768&amp;u_w=1360&amp;u_ah=728&amp;u_aw=1360&amp;u_cd=24&amp;u_sd=1&amp;dmc=8&amp;adx=64&amp;ady=1586&amp;biw=1297&amp;bih=620&amp;scr_x=0&amp;scr_y=0&amp;eid=44759876%2C44759927%2C44759842%2C31082968%2C44795921%2C95329723%2C95331043%2C95331556%2C21065724&amp;oid=2&amp;pvsid=1907034769310489&amp;tmod=1977526070&amp;wsm=1&amp;uas=0&amp;nvt=1&amp;fc=1408&amp;brdim=0%2C0%2C0%2C0%2C1360%2C0%2C1360%2C728%2C1312%2C620&amp;vis=1&amp;rsz=%7C%7Cs%7C&amp;abl=NS&amp;fu=128&amp;bc=31&amp;bz=1.04&amp;psd=W251bGwsbnVsbCxudWxsLDNd&amp;ifi=3&amp;uci=a!3&amp;btvi=2&amp;fsb=1&amp;dtd=14\" name=\"aswift_2\" width=\"796\" height=\"0\" frameborder=\"0\" marginwidth=\"0\" marginheight=\"0\" scrolling=\"no\" sandbox=\"allow-forms allow-popups allow-popups-to-escape-sandbox allow-same-origin allow-scripts allow-top-navigation-by-user-activation\" data-google-container-id=\"a!3\" aria-label=\"Advertisement\" data-google-query-id=\"CK--lpeR4IUDFYDauAgdKlwC9g\" data-load-complete=\"true\" data-mce-fragment=\"1\"><\/iframe><\/div>\n<p>&nbsp;<\/p>\n<\/div>\n<p>&nbsp;<\/p>\n<p>Balance de\u00a0<a href=\"https:\/\/twitter.com\/hashtag\/PresosPol%C3%ADticos?src=hash&amp;ref_src=twsrc%5Etfw\" target=\"_blank\" rel=\"noopener\">#PresosPol\u00edticos<\/a>\u00a0en Venezuela al 22\/04\/2024 por\u00a0<a href=\"https:\/\/twitter.com\/ForoPenal?ref_src=twsrc%5Etfw\" target=\"_blank\" rel=\"noopener\">@ForoPenal<\/a>:<\/p>\n<p>\ud835\udde7\ud835\uddfc\ud835\ude01\ud835\uddee\ud835\uddf9 \ud835\uddfd\ud835\uddff\ud835\uddf2\ud835\ude00\ud835\uddfc\ud835\ude00 \ud835\uddfd\ud835\uddfc\ud835\uddf9\u00ed\ud835\ude01\ud835\uddf6\ud835\uddf0\ud835\uddfc\ud835\ude00: 270<\/p>\n<p>Hombres: 250<br \/>\nMujeres: 20<\/p>\n<p>Civiles: 123<br \/>\nMilitares: 147<\/p>\n<p>Adultos: 270<br \/>\nAdolescentes: 0<\/p>\n<p>\u2014 Foro Penal (@ForoPenal)\u00a0<a href=\"https:\/\/twitter.com\/ForoPenal\/status\/1783177025970229429?ref_src=twsrc%5Etfw\" target=\"_blank\" rel=\"noopener\">April 24, 2024<\/a><\/p>\n<p><strong>Exigen condiciones dignas para los presos pol\u00edticos<\/strong><\/p>\n<p>Esta semana, familiares de presos pol\u00edticos exigieron al Ministerio de Penitenciaria condiciones dignas para quienes\u00a0fueron trasladados al centro de reclusi\u00f3n Rodeo I.<\/p>\n<div class=\"google-auto-placed ap_container\">\n<p>&nbsp;<\/p>\n<div id=\"aswift_3_host\"><span style=\"background-color: #ffffff;\">En rueda de prensa denunciaron que los detenidos, luego del desplazamiento a la c\u00e1rcel en el estado Miranda, han bajado de peso.<\/span><\/div>\n<p>&nbsp;<\/p>\n<\/div>\n<p>El 21 de marzo, en exclusiva para VPItv, el Foro Penal se\u00f1al\u00f3 que la administraci\u00f3n de Nicol\u00e1s Maduro podr\u00eda estar realizando una especie de \u201cpuerta giratoria\u201d con la detenci\u00f3n\u00a0de dirigentes pol\u00edtico en Venezuela.<\/p>\n<p>Entre las detenciones m\u00e1s recientes se encuentra la del periodista y activista Carlos Julio Rojas. El gobierno asegur\u00f3 que lo detuvieron por presuntamente estar implicado en un\u00a0\u201cintento de magnicidio contra Nicol\u00e1s Maduro\u201d\u00a0<a href=\"https:\/\/www.elnacional.com\/venezuela\/politica\/foro-penal-en-venezuela-hay-269-presos-politicos\/\" target=\"_blank\" rel=\"noopener\">el 25 de marzo.<\/a><\/p>\n<p><strong>EN\/<\/strong><\/p>\n","protected":false},"excerpt":{"rendered":"<p>Caracas.-\u00a0El n\u00famero de presos pol\u00edticos en Venezuela aument\u00f3\u00a0a 270 con respecto a marzo, cuando eran 269, inform\u00f3 la ONG Foro Penal en un informe publicado este jueves. De acuerdo con el informe, publicado en la red social X, antes Twitter,\u00a0entre los pol\u00edticos se encuentran: Por g\u00e9nero: Hombres: 250 \u2013 Mujeres: 20 Por ocupaci\u00f3n: Civiles: 123 &hellip;<\/p>\n","protected":false},"author":1,"featured_media":2170,"comment_status":"open","ping_status":"open","sticky":false,"template":"","format":"standard","meta":{"_eb_attr":"","_jetpack_memberships_contains_paid_content":false,"footnotes":""},"categories":[26],"tags":[],"class_list":["post-2169","post","type-post","status-publish","format-standard","has-post-thumbnail","hentry","category-nacionales"],"jetpack_sharing_enabled":true,"jetpack_featured_media_url":"https:\/\/guayoyo24.com\/website\/wp-content\/uploads\/2024\/04\/presos-1160x700-1.jpg","_links":{"self":[{"href":"https:\/\/guayoyo24.com\/website\/wp-json\/wp\/v2\/posts\/2169","targetHints":{"allow":["GET"]}}],"collection":[{"href":"https:\/\/guayoyo24.com\/website\/wp-json\/wp\/v2\/posts"}],"about":[{"href":"https:\/\/guayoyo24.com\/website\/wp-json\/wp\/v2\/types\/post"}],"author":[{"embeddable":true,"href":"https:\/\/guayoyo24.com\/website\/wp-json\/wp\/v2\/users\/1"}],"replies":[{"embeddable":true,"href":"https:\/\/guayoyo24.com\/website\/wp-json\/wp\/v2\/comments?post=2169"}],"version-history":[{"count":2,"href":"https:\/\/guayoyo24.com\/website\/wp-json\/wp\/v2\/posts\/2169\/revisions"}],"predecessor-version":[{"id":2226,"href":"https:\/\/guayoyo24.com\/website\/wp-json\/wp\/v2\/posts\/2169\/revisions\/2226"}],"wp:featuredmedia":[{"embeddable":true,"href":"https:\/\/guayoyo24.com\/website\/wp-json\/wp\/v2\/media\/2170"}],"wp:attachment":[{"href":"https:\/\/guayoyo24.com\/website\/wp-json\/wp\/v2\/media?parent=2169"}],"wp:term":[{"taxonomy":"category","embeddable":true,"href":"https:\/\/guayoyo24.com\/website\/wp-json\/wp\/v2\/categories?post=2169"},{"taxonomy":"post_tag","embeddable":true,"href":"https:\/\/guayoyo24.com\/website\/wp-json\/wp\/v2\/tags?post=2169"}],"curies":[{"name":"wp","href":"https:\/\/api.w.org\/{rel}","templated":true}]}}