{"id":2172,"date":"2024-04-26T14:58:31","date_gmt":"2024-04-26T14:58:31","guid":{"rendered":"https:\/\/guayoyo24.com\/website\/?p=2172"},"modified":"2024-04-26T17:04:32","modified_gmt":"2024-04-26T17:04:32","slug":"maduro-ordena-a-gobernaciones-y-alcaldias-destinar-recursos-para-proyectos-comunitarios-de-envergadura","status":"publish","type":"post","link":"https:\/\/guayoyo24.com\/website\/2024\/04\/26\/maduro-ordena-a-gobernaciones-y-alcaldias-destinar-recursos-para-proyectos-comunitarios-de-envergadura\/","title":{"rendered":"Maduro ordena a gobernaciones y alcald\u00edas destinar recursos para proyectos comunitarios de envergadura"},"content":{"rendered":"<p>Caracas.- El presidente\u00a0<a href=\"https:\/\/twitter.com\/NicolasMaduro\" target=\"_blank\" rel=\"noreferrer noopener\">Nicol\u00e1s Maduro<\/a>\u00a0encabez\u00f3 este jueves 25 de abril, desde Ant\u00edmano, la jornada de trabajo sobre el balance de la Gran Misi\u00f3n Igualdad y Justicia Social \u201cHugo Ch\u00e1vez\u201d y de la\u00a0<a href=\"https:\/\/talcualdigital.com\/chavismo-aprovecha-consulta-popular-para-ensayar-la-campana-del-28-de-julio\/\" target=\"_blank\" rel=\"noreferrer noopener\">Consulta Popular<\/a>\u00a0Nacional del pasado 21 de abril.<\/p>\n<p>Durante la alocuci\u00f3n, Maduro orden\u00f3 a gobernaciones y alcald\u00edas destinar recursos para proyectos comunitarios de envergadura.<\/p>\n<p>Asimismo, ratific\u00f3 que se llevar\u00e1n a consulta popular, cada tres meses, los proyectos priorizados de las comunidades. \u00abSe decidieron 4.500 proyectos priorizados, no podemos demorar ni un segundo y los recursos deben llegar a las comunidades de inmediato\u00bb, enfatiz\u00f3.<\/p>\n<p>\u201c\u00bfCu\u00e1l es la columna de la nueva democracia del pa\u00eds? El poder popular, el pueblo el pueblo empoderado, el pueblo organizado, el pueblo movilizado\u201d, sostuvo.<\/p>\n<p>Adem\u00e1s, puntualiz\u00f3: \u00abNosotros tenemos que tener la seguridad absoluta de que el camino del Poder Popular, el camino de la revoluci\u00f3n bolivariana, de la Revoluci\u00f3n socialista es el \u00fanico camino para que el pueblo pueda ejercer el poder\u201d.<\/p>\n<p>Dijo que conf\u00eda en las mujeres y en las comunas para que \u00aben las pr\u00f3ximas semanas, los pr\u00f3ximos meses, tenemos que consolidar ahora las Brigadas Territoriales de Acci\u00f3n de la Gran Misi\u00f3n de nueva generaci\u00f3n Igualdad y Justicia Social\u201d.<\/p>\n<div class=\"google-auto-placed ap_container\">\n<p>&nbsp;<\/p>\n<div id=\"aswift_3_host\"><span style=\"background-color: #ffffff;\">Maduro, quien aspira a un tercer mandato en las elecciones presidenciales del 28 de julio, se\u00f1al\u00f3 que la reciente consulta comunal fue exitosa.<\/span><\/div>\n<p>&nbsp;<\/p>\n<\/div>\n<p>\u00abNos queda como experiencia (\u2026) este es el camino para cambiarlo todo, para atender lo que de verdad la gente necesita, lo que la gente clama (\u2026) estas con para aprobar los recursos para los proyectos priorizados se tienen que hacer una vez cada trimestre, cuatro veces al a\u00f1o y que la gente salga a participar, a elegir, a decidir m\u00e1s que elegir, a decidir\u00bb, se\u00f1al\u00f3.<\/p>\n<p><strong>Recursos<\/strong><\/p>\n<p>Este jueves, el gobernante\u00a0aprob\u00f3 la ejecuci\u00f3n de proyectos de vialidad e iluminaci\u00f3n donde hacen vida los habitantes de la Comuna Mamera Socialista, Revolucionaria y Chavista. Esta comuna, seg\u00fan se inform\u00f3, est\u00e1 organizada por cinco comunas y 37 comunidades.<\/p>\n<p>Dentro de lo aprobado por Maduro se encuentra la adecuaci\u00f3n de espacios del Centro de Diagn\u00f3stico Integral (CDI) \u201cPedro Ortega D\u00edaz\u201d con equipos de alta tecnolog\u00eda y una Base de Misiones para cada una de las comunas de la zona.<\/p>\n<p><strong>TCD\/<\/strong><\/p>\n","protected":false},"excerpt":{"rendered":"<p>Caracas.- El presidente\u00a0Nicol\u00e1s Maduro\u00a0encabez\u00f3 este jueves 25 de abril, desde Ant\u00edmano, la jornada de trabajo sobre el balance de la Gran Misi\u00f3n Igualdad y Justicia Social \u201cHugo Ch\u00e1vez\u201d y de la\u00a0Consulta Popular\u00a0Nacional del pasado 21 de abril. Durante la alocuci\u00f3n, Maduro orden\u00f3 a gobernaciones y alcald\u00edas destinar recursos para proyectos comunitarios de envergadura. Asimismo, ratific\u00f3 &hellip;<\/p>\n","protected":false},"author":1,"featured_media":2173,"comment_status":"open","ping_status":"open","sticky":false,"template":"","format":"standard","meta":{"_eb_attr":"","_jetpack_memberships_contains_paid_content":false,"footnotes":""},"categories":[26],"tags":[],"class_list":["post-2172","post","type-post","status-publish","format-standard","has-post-thumbnail","hentry","category-nacionales"],"jetpack_sharing_enabled":true,"jetpack_featured_media_url":"https:\/\/guayoyo24.com\/website\/wp-content\/uploads\/2024\/04\/MADURO-250424-960x640-1.jpg","_links":{"self":[{"href":"https:\/\/guayoyo24.com\/website\/wp-json\/wp\/v2\/posts\/2172","targetHints":{"allow":["GET"]}}],"collection":[{"href":"https:\/\/guayoyo24.com\/website\/wp-json\/wp\/v2\/posts"}],"about":[{"href":"https:\/\/guayoyo24.com\/website\/wp-json\/wp\/v2\/types\/post"}],"author":[{"embeddable":true,"href":"https:\/\/guayoyo24.com\/website\/wp-json\/wp\/v2\/users\/1"}],"replies":[{"embeddable":true,"href":"https:\/\/guayoyo24.com\/website\/wp-json\/wp\/v2\/comments?post=2172"}],"version-history":[{"count":2,"href":"https:\/\/guayoyo24.com\/website\/wp-json\/wp\/v2\/posts\/2172\/revisions"}],"predecessor-version":[{"id":2227,"href":"https:\/\/guayoyo24.com\/website\/wp-json\/wp\/v2\/posts\/2172\/revisions\/2227"}],"wp:featuredmedia":[{"embeddable":true,"href":"https:\/\/guayoyo24.com\/website\/wp-json\/wp\/v2\/media\/2173"}],"wp:attachment":[{"href":"https:\/\/guayoyo24.com\/website\/wp-json\/wp\/v2\/media?parent=2172"}],"wp:term":[{"taxonomy":"category","embeddable":true,"href":"https:\/\/guayoyo24.com\/website\/wp-json\/wp\/v2\/categories?post=2172"},{"taxonomy":"post_tag","embeddable":true,"href":"https:\/\/guayoyo24.com\/website\/wp-json\/wp\/v2\/tags?post=2172"}],"curies":[{"name":"wp","href":"https:\/\/api.w.org\/{rel}","templated":true}]}}