{"id":22303,"date":"2025-06-29T10:50:42","date_gmt":"2025-06-29T14:50:42","guid":{"rendered":"https:\/\/guayoyo24.com\/website\/?p=22303"},"modified":"2025-06-29T10:50:42","modified_gmt":"2025-06-29T14:50:42","slug":"leon-xiv-impuso-los-sagrados-palios-a-cuatro-arzobispos-venezolanos-este-29jun","status":"publish","type":"post","link":"https:\/\/guayoyo24.com\/website\/2025\/06\/29\/leon-xiv-impuso-los-sagrados-palios-a-cuatro-arzobispos-venezolanos-este-29jun\/","title":{"rendered":"Le\u00f3n XIV impuso los sagrados palios a cuatro arzobispos venezolanos este #29Jun"},"content":{"rendered":"<p>El papa <a href=\"https:\/\/x.com\/Pontifex_es\">Le\u00f3n XIV<\/a>\u00a0bendijo e impuso los palios arzobispales metropolitanos a 54 arzobispos de todo el mundo, entre ellos a cuatro venezolanos, en la festividad de San Pedro y San Pablo.<\/p>\n<p>Por Venezuela lo recibieron el arzobispo de Caracas, Monse\u00f1or Ra\u00fal Biord; el arzobispo de Valencia y tambi\u00e9n presidente de la Conferencia Episcopal Venezolana, Mons. Jes\u00fas Gonz\u00e1lez de Z\u00e1rate; el arzobispo de Cuman\u00e1, Mons. \u00c1ngel Francisco Caraballo; y el arzobispo de Barquisimeto, Mons. Polito Rodr\u00edguez.<\/p>\n<p>El palio, una estrecha banda de lana blanca de entre 4 y 6 cent\u00edmetros de ancho y 30 cent\u00edmetros de largo, marcada por seis cruces negras. Es m\u00e1s que una simple prenda. Traza una compleja historia de simbolismo, derecho y autoridad eclesi\u00e1stica.<\/p>\n<p>Expresa tanto su liderazgo pastoral dentro de su provincia eclesi\u00e1stica como su comuni\u00f3n con el Obispo de Roma. Su forma, que se coloca sobre los hombros con dos colgantes que caen en el pecho y espalda, evoca la figura del Buen Pastor cargando a la oveja perdida.<\/p>\n<p>En esta homil\u00eda, celebrada en la Bas\u00edlica de San Pedro, el papa Le\u00f3n XIV advirti\u00f3 que \u00abes importante salir del peligro de una fe cansada y est\u00e1tica\u00bb e inst\u00f3 a \u00ababrirse a los cambios\u00bb y \u00abbuscar nuevos caminos para la evangelizaci\u00f3n\u00bb.<\/p>\n<p>Aprovech\u00f3 el pont\u00edfice estadounidense realiz\u00f3 un nuevo llamamiento a la unidad de la Iglesia. \u00abCompromet\u00e1monos a hacer de nuestras diversidades un taller de unidad y comuni\u00f3n, de fraternidad y reconciliaci\u00f3n para que cada uno en la Iglesia, con la propia historia personal, aprenda a caminar junto con los dem\u00e1s\u00bb, afirm\u00f3.<\/p>\n<p>Tambi\u00e9n advirti\u00f3 que \u00absiempre existe el riesgo de caer en la rutina, en el ritualismo, en esquemas pastorales que se repiten sin renovarse y sin captar los desaf\u00edos del presente\u00bb .<\/p>\n<p>Por ello inst\u00f3 a que la Iglesia se deje \u00abinterrogar por los acontecimientos, los encuentros y las situaciones concretas de las comunidades, de buscar caminos nuevos para la evangelizaci\u00f3n partiendo de los problemas y las preguntas planteadas por los hermanos y hermanas en la fe\u00bb.<\/p>\n<p>Y agreg\u00f3 que si los cristianos no quieren reducirse \u00aba una herencia del pasado, como tantas veces nos ha advertido el papa Francisco, es importante salir del peligro de una fe cansada y est\u00e1tica\u00bb.<\/p>\n<p>Por otra parte, a los miembros de la Iglesia greco-cat\u00f3lica ucraniana que tambi\u00e9n asistieron a la misa, el papa pidi\u00f3 \u00abque el Se\u00f1or le conceda la paz a su pueblo\u00bb.<\/p>\n<figure class=\"wp-block-embed is-type-rich is-provider-instagram wp-block-embed-instagram\">\n<div class=\"wp-block-embed__wrapper\"><iframe id=\"instagram-embed-0\" class=\"instagram-media instagram-media-rendered\" src=\"https:\/\/www.instagram.com\/reel\/DLe1_4tPDmR\/embed\/captioned\/?cr=1&amp;v=14&amp;wp=602&amp;rd=https%3A%2F%2Fmundour.com&amp;rp=%2F2025%2F06%2F29%2Fleon-xiv-impuso-los-sagrados-palios-a-cuatro-arzobispos-venezolanos-este-29jun%2F#%7B%22ci%22%3A0%2C%22os%22%3A3264.7000000011176%7D\" height=\"1424\" frameborder=\"0\" scrolling=\"no\" allowfullscreen=\"allowfullscreen\" data-instgrm-payload-id=\"instagram-media-payload-0\" data-mce-fragment=\"1\"><\/iframe><\/div>\n<div>\u00a0MundoUR)<\/div>\n<\/figure>\n","protected":false},"excerpt":{"rendered":"<p>El papa Le\u00f3n XIV\u00a0bendijo e impuso los palios arzobispales metropolitanos a 54 arzobispos de todo el mundo, entre ellos a cuatro venezolanos, en la festividad de San Pedro y San Pablo. Por Venezuela lo recibieron el arzobispo de Caracas, Monse\u00f1or Ra\u00fal Biord; el arzobispo de Valencia y tambi\u00e9n presidente de la Conferencia Episcopal Venezolana, Mons. &hellip;<\/p>\n","protected":false},"author":1,"featured_media":22304,"comment_status":"open","ping_status":"open","sticky":false,"template":"","format":"standard","meta":{"_eb_attr":"","_jetpack_memberships_contains_paid_content":false,"footnotes":""},"categories":[28],"tags":[],"class_list":["post-22303","post","type-post","status-publish","format-standard","has-post-thumbnail","hentry","category-mundo"],"jetpack_sharing_enabled":true,"jetpack_featured_media_url":"https:\/\/guayoyo24.com\/website\/wp-content\/uploads\/2025\/06\/001.jpeg","_links":{"self":[{"href":"https:\/\/guayoyo24.com\/website\/wp-json\/wp\/v2\/posts\/22303","targetHints":{"allow":["GET"]}}],"collection":[{"href":"https:\/\/guayoyo24.com\/website\/wp-json\/wp\/v2\/posts"}],"about":[{"href":"https:\/\/guayoyo24.com\/website\/wp-json\/wp\/v2\/types\/post"}],"author":[{"embeddable":true,"href":"https:\/\/guayoyo24.com\/website\/wp-json\/wp\/v2\/users\/1"}],"replies":[{"embeddable":true,"href":"https:\/\/guayoyo24.com\/website\/wp-json\/wp\/v2\/comments?post=22303"}],"version-history":[{"count":1,"href":"https:\/\/guayoyo24.com\/website\/wp-json\/wp\/v2\/posts\/22303\/revisions"}],"predecessor-version":[{"id":22305,"href":"https:\/\/guayoyo24.com\/website\/wp-json\/wp\/v2\/posts\/22303\/revisions\/22305"}],"wp:featuredmedia":[{"embeddable":true,"href":"https:\/\/guayoyo24.com\/website\/wp-json\/wp\/v2\/media\/22304"}],"wp:attachment":[{"href":"https:\/\/guayoyo24.com\/website\/wp-json\/wp\/v2\/media?parent=22303"}],"wp:term":[{"taxonomy":"category","embeddable":true,"href":"https:\/\/guayoyo24.com\/website\/wp-json\/wp\/v2\/categories?post=22303"},{"taxonomy":"post_tag","embeddable":true,"href":"https:\/\/guayoyo24.com\/website\/wp-json\/wp\/v2\/tags?post=22303"}],"curies":[{"name":"wp","href":"https:\/\/api.w.org\/{rel}","templated":true}]}}