{"id":22309,"date":"2025-06-29T10:56:59","date_gmt":"2025-06-29T14:56:59","guid":{"rendered":"https:\/\/guayoyo24.com\/website\/?p=22309"},"modified":"2025-06-29T10:56:59","modified_gmt":"2025-06-29T14:56:59","slug":"fiscal-general-solicita-renuncia-de-volker-turk","status":"publish","type":"post","link":"https:\/\/guayoyo24.com\/website\/2025\/06\/29\/fiscal-general-solicita-renuncia-de-volker-turk\/","title":{"rendered":"Fiscal general solicita renuncia de Volker T\u00fcrk"},"content":{"rendered":"<p>El fiscal general Tarek William Saab afirm\u00f3 en sus redes social que \u201cVolker T\u00fcrk es una verg\u00fcenza para la humanidad y debe renunciar ya\u201d.<\/p>\n<p>Indic\u00f3 que \u201cel cargo de Alto Comisionado de los Derechos Humanos para las Naciones Unidas le qued\u00f3 muy grande a m\u00edster Volker, solo hay que ver su inacci\u00f3n y cobarde silencio ante la sistem\u00e1tica violaci\u00f3n de los derechos humanos en Estados Unidos de cara a las redadas migratorias por agentes de seguridad\u201d.<\/p>\n<p>Destac\u00f3: \u201cT\u00fcrk prefiere, para mantener su curul impuesto por las superpotencias imperiales y no por ninguna trayectoria de lucha, agredir a Venezuela y tener una actitud injerencista contra la soberan\u00eda y el sistema de justicia nacional, obviando que m\u00e1s de 75% de las personas ingresadas bajo custodia del ICE en el a\u00f1o 2025 no ten\u00edan otra condena penal que una infracci\u00f3n inmigratoria o relacionada con el tr\u00e1nsito\u201d.<\/p>\n<p>Saab expres\u00f3 que la Oficina del Alto Comisionado se ha convertido en el \u201cbufete privado de terroristas y mercenarios nacionales y extranjeros, procesados por intentar ba\u00f1arnos de sangre\u201d.<\/p>\n<p>Culmin\u00f3 diciendo: \u201cVenezolanos han sido torturados, detenidos y desaparecidos en EEUU y El Salvador, y Volker, por cobard\u00eda, opta por ser c\u00f3mplice del secuestro e incomunicaci\u00f3n de 252 venezolanos en esa naci\u00f3n centroamericana oprimida por Bukele\u201d.<\/p>\n<figure class=\"wp-block-embed is-type-rich is-provider-instagram wp-block-embed-instagram\">\n<div class=\"wp-block-embed__wrapper\"><iframe id=\"instagram-embed-0\" class=\"instagram-media instagram-media-rendered\" src=\"https:\/\/www.instagram.com\/reel\/DLdcpf6J6pE\/embed\/captioned\/?cr=1&amp;v=14&amp;wp=658&amp;rd=https%3A%2F%2Fultimasnoticias.com.ve&amp;rp=%2Fpolitica%2Ffiscal-general-solicita-renuncia-de-volker-turk%2F#%7B%22ci%22%3A0%2C%22os%22%3A3188.300000000745%7D\" height=\"1027\" frameborder=\"0\" scrolling=\"no\" allowfullscreen=\"allowfullscreen\" data-instgrm-payload-id=\"instagram-media-payload-0\" data-mce-fragment=\"1\"><\/iframe><\/div>\n<\/figure>\n","protected":false},"excerpt":{"rendered":"<p>El fiscal general Tarek William Saab afirm\u00f3 en sus redes social que \u201cVolker T\u00fcrk es una verg\u00fcenza para la humanidad y debe renunciar ya\u201d. Indic\u00f3 que \u201cel cargo de Alto Comisionado de los Derechos Humanos para las Naciones Unidas le qued\u00f3 muy grande a m\u00edster Volker, solo hay que ver su inacci\u00f3n y cobarde silencio &hellip;<\/p>\n","protected":false},"author":1,"featured_media":22310,"comment_status":"open","ping_status":"open","sticky":false,"template":"","format":"standard","meta":{"_eb_attr":"","_jetpack_memberships_contains_paid_content":false,"footnotes":""},"categories":[26],"tags":[],"class_list":["post-22309","post","type-post","status-publish","format-standard","has-post-thumbnail","hentry","category-nacionales"],"jetpack_sharing_enabled":true,"jetpack_featured_media_url":"https:\/\/guayoyo24.com\/website\/wp-content\/uploads\/2025\/06\/WhatsApp-Image-2024-08-01-at-8.20.30-PM-e1723742498835-696x591-1.webp","_links":{"self":[{"href":"https:\/\/guayoyo24.com\/website\/wp-json\/wp\/v2\/posts\/22309","targetHints":{"allow":["GET"]}}],"collection":[{"href":"https:\/\/guayoyo24.com\/website\/wp-json\/wp\/v2\/posts"}],"about":[{"href":"https:\/\/guayoyo24.com\/website\/wp-json\/wp\/v2\/types\/post"}],"author":[{"embeddable":true,"href":"https:\/\/guayoyo24.com\/website\/wp-json\/wp\/v2\/users\/1"}],"replies":[{"embeddable":true,"href":"https:\/\/guayoyo24.com\/website\/wp-json\/wp\/v2\/comments?post=22309"}],"version-history":[{"count":1,"href":"https:\/\/guayoyo24.com\/website\/wp-json\/wp\/v2\/posts\/22309\/revisions"}],"predecessor-version":[{"id":22311,"href":"https:\/\/guayoyo24.com\/website\/wp-json\/wp\/v2\/posts\/22309\/revisions\/22311"}],"wp:featuredmedia":[{"embeddable":true,"href":"https:\/\/guayoyo24.com\/website\/wp-json\/wp\/v2\/media\/22310"}],"wp:attachment":[{"href":"https:\/\/guayoyo24.com\/website\/wp-json\/wp\/v2\/media?parent=22309"}],"wp:term":[{"taxonomy":"category","embeddable":true,"href":"https:\/\/guayoyo24.com\/website\/wp-json\/wp\/v2\/categories?post=22309"},{"taxonomy":"post_tag","embeddable":true,"href":"https:\/\/guayoyo24.com\/website\/wp-json\/wp\/v2\/tags?post=22309"}],"curies":[{"name":"wp","href":"https:\/\/api.w.org\/{rel}","templated":true}]}}