{"id":22526,"date":"2025-07-03T10:14:01","date_gmt":"2025-07-03T14:14:01","guid":{"rendered":"https:\/\/guayoyo24.com\/website\/?p=22526"},"modified":"2025-07-03T10:14:01","modified_gmt":"2025-07-03T14:14:01","slug":"migrante-deportado-denuncia-las-torturas-sufridas-en-la-mega-carcel-cecot-del-salvador","status":"publish","type":"post","link":"https:\/\/guayoyo24.com\/website\/2025\/07\/03\/migrante-deportado-denuncia-las-torturas-sufridas-en-la-mega-carcel-cecot-del-salvador\/","title":{"rendered":"Migrante deportado denuncia las torturas sufridas en la mega-c\u00e1rcel Cecot del Salvador"},"content":{"rendered":"<p>Las agresiones f\u00edsicas, la desnutrici\u00f3n y la privaci\u00f3n del sue\u00f1o fueron algunos de los m\u00e9todos utilizados en el Cecot.<\/p>\n<p>El desastre migratorio que provoc\u00f3 Donald Trump en Estados Unidos, a trav\u00e9s de sus deportaciones masivas, ha dejado a muchas personas pagando por los cr\u00edmenes de otros; un claro ejemplo es el caso de\u00a0<strong>Kilmar \u00c1brego Garc\u00eda, quien ha denunciado las atrocidades que sufri\u00f3 en el Centro de Confinamiento del Terrorismo<\/strong>\u00a0(Cecot) en El Salvador.<\/p>\n<p><strong>Las agresiones f\u00edsicas, la desnutrici\u00f3n y la privaci\u00f3n del sue\u00f1o fueron algunos de los m\u00e9todos utilizados en el Cecot,<\/strong>\u00a0seg\u00fan relat\u00f3 el migrante ilegal y exconvicto sin causa justa. Abrego dio a conocer todas sus vejaciones a trav\u00e9s de sus abogados.<\/p>\n<p>L<strong>os representantes legales de la v\u00edctima informaron a las autoridades judiciales\u00a0<\/strong>durante un tribunal en el condado de Maryland, Estados Unidos, donde se present\u00f3 una queja por escrito.<\/p>\n<p><strong>Cada una de estas violaciones a los derechos humanos que sufri\u00f3 \u00c1brego en el Cecot result\u00f3 en la p\u00e9rdida dr\u00e1stica de 14 kilos<\/strong>, lo cual se present\u00f3 como prueba de insuficiencia alimentaria durante las dos semanas que permaneci\u00f3 en el centro penitenciario. Mientras tanto, una intensa presi\u00f3n medi\u00e1tica se cern\u00eda sobre los directivos en Estados Unidos debido a su caso.<\/p>\n<p>A pesar de qu<strong>e el Tribunal Supremo orden\u00f3 el regreso de Abrego a territorio estadounidense<\/strong>, tanto Bukele como Donald Trump se negaron a cumplir con lo estipulado por la ley y procedieron a difamarlo, alegando que formaba parte de la pandilla Mara Salvatrucha, conocida como MS-13.<\/p>\n<p><strong>El regreso del migrante a Estados Unidos se concret\u00f3 el 6 de junio<\/strong>, y actualmente se encuentra en una prisi\u00f3n en Nashville, donde, tras un proceso judicial, fue declarado culpable de los delitos que se le imputaron. Adem\u00e1s, es perseguido por el Gobierno para justificar el error cometido por el sistema en su caso.<\/p>\n<p><strong>El Servicio de Inmigraci\u00f3n y Control de Aduanas pretende deportarlo tan pronto como pise la calle<\/strong>; por ello, sus representantes legales prefieren que permanezca en custodia federal hasta que se resuelvan completamente sus problemas con la justicia.<\/p>\n<p><strong>\u00c1brego ingres\u00f3 a Estados Unidos de manera ilegal en 2012, cuando a\u00fan era menor de edad. Se estableci\u00f3 en Maryland<\/strong>, donde contrajo matrimonio y tiene un hijo. En la actualidad, es un asilado en Estados Unidos, ya que en su pa\u00eds natal era perseguido junto con su familia.<\/p>\n<figure class=\"wp-block-image size-large\"><img fetchpriority=\"high\" decoding=\"async\" class=\"wp-image-162002\" src=\"https:\/\/www.noticiasbarquisimeto.com\/wp-content\/uploads\/2025\/07\/image-80-1024x594.png\" sizes=\"(max-width: 1024px) 100vw, 1024px\" srcset=\"https:\/\/www.noticiasbarquisimeto.com\/wp-content\/uploads\/2025\/07\/image-80-1024x594.png 1024w, https:\/\/www.noticiasbarquisimeto.com\/wp-content\/uploads\/2025\/07\/image-80-300x174.png 300w, https:\/\/www.noticiasbarquisimeto.com\/wp-content\/uploads\/2025\/07\/image-80-768x445.png 768w, https:\/\/www.noticiasbarquisimeto.com\/wp-content\/uploads\/2025\/07\/image-80.png 1200w\" alt=\"\" width=\"1024\" height=\"594\" \/><\/figure>\n<p>Con informaci\u00f3n de Telesur<\/p>\n","protected":false},"excerpt":{"rendered":"<p>Las agresiones f\u00edsicas, la desnutrici\u00f3n y la privaci\u00f3n del sue\u00f1o fueron algunos de los m\u00e9todos utilizados en el Cecot. El desastre migratorio que provoc\u00f3 Donald Trump en Estados Unidos, a trav\u00e9s de sus deportaciones masivas, ha dejado a muchas personas pagando por los cr\u00edmenes de otros; un claro ejemplo es el caso de\u00a0Kilmar \u00c1brego Garc\u00eda, &hellip;<\/p>\n","protected":false},"author":1,"featured_media":22527,"comment_status":"open","ping_status":"open","sticky":false,"template":"","format":"standard","meta":{"_eb_attr":"","_jetpack_memberships_contains_paid_content":false,"footnotes":""},"categories":[28],"tags":[],"class_list":["post-22526","post","type-post","status-publish","format-standard","has-post-thumbnail","hentry","category-mundo"],"jetpack_sharing_enabled":true,"jetpack_featured_media_url":"https:\/\/guayoyo24.com\/website\/wp-content\/uploads\/2025\/07\/22.jpeg","_links":{"self":[{"href":"https:\/\/guayoyo24.com\/website\/wp-json\/wp\/v2\/posts\/22526","targetHints":{"allow":["GET"]}}],"collection":[{"href":"https:\/\/guayoyo24.com\/website\/wp-json\/wp\/v2\/posts"}],"about":[{"href":"https:\/\/guayoyo24.com\/website\/wp-json\/wp\/v2\/types\/post"}],"author":[{"embeddable":true,"href":"https:\/\/guayoyo24.com\/website\/wp-json\/wp\/v2\/users\/1"}],"replies":[{"embeddable":true,"href":"https:\/\/guayoyo24.com\/website\/wp-json\/wp\/v2\/comments?post=22526"}],"version-history":[{"count":1,"href":"https:\/\/guayoyo24.com\/website\/wp-json\/wp\/v2\/posts\/22526\/revisions"}],"predecessor-version":[{"id":22528,"href":"https:\/\/guayoyo24.com\/website\/wp-json\/wp\/v2\/posts\/22526\/revisions\/22528"}],"wp:featuredmedia":[{"embeddable":true,"href":"https:\/\/guayoyo24.com\/website\/wp-json\/wp\/v2\/media\/22527"}],"wp:attachment":[{"href":"https:\/\/guayoyo24.com\/website\/wp-json\/wp\/v2\/media?parent=22526"}],"wp:term":[{"taxonomy":"category","embeddable":true,"href":"https:\/\/guayoyo24.com\/website\/wp-json\/wp\/v2\/categories?post=22526"},{"taxonomy":"post_tag","embeddable":true,"href":"https:\/\/guayoyo24.com\/website\/wp-json\/wp\/v2\/tags?post=22526"}],"curies":[{"name":"wp","href":"https:\/\/api.w.org\/{rel}","templated":true}]}}