{"id":22665,"date":"2025-07-07T11:24:15","date_gmt":"2025-07-07T15:24:15","guid":{"rendered":"https:\/\/guayoyo24.com\/website\/?p=22665"},"modified":"2025-07-07T11:24:46","modified_gmt":"2025-07-07T15:24:46","slug":"mas-mil-personas-participaron-en-asambleas-comunitarias-en-el-estado-portuguesa","status":"publish","type":"post","link":"https:\/\/guayoyo24.com\/website\/2025\/07\/07\/mas-mil-personas-participaron-en-asambleas-comunitarias-en-el-estado-portuguesa\/","title":{"rendered":"M\u00e1s Mil Personas Participaron en Asambleas Comunitarias en el estado Portuguesa"},"content":{"rendered":"<p style=\"text-align: justify;\">Prensa Barrio Adentro.-<\/p>\n<p style=\"text-align: justify;\">El estado Portuguesa vivi\u00f3 una jornada importante con la realizaci\u00f3n de las asambleas comunitarias, con la participaci\u00f3n de 65 comunas del territorio organizado, siguiendo las orientaciones del presidente Nicol\u00e1s Maduro y la ministra del Poder Popular para la Salud, Magaly Guti\u00e9rrez. La actividad convoc\u00f3 a voceras y voceros populares, personal de salud y juventud comprometida en el fortalecimiento del trabajo colectivo.<\/p>\n<p style=\"text-align: justify;\">La jornada reuni\u00f3 a 113 comit\u00e9s de salud y 162 vocer\u00edas en las estructuras comunales, donde se abordaron los retos actuales en materia de salud y se presentaron propuestas desde el territorio para la acci\u00f3n popular organizada y el programa \u00abMi M\u00e9dico, Mi Comuna\u00bb. La participaci\u00f3n incluy\u00f3 a 116 j\u00f3venes voceros, 297 trabajadores y trabajadoras en formaci\u00f3n y 178 estudiantes de la Universidad de las Ciencias de la Salud \u00abHugo Ch\u00e1vez Fr\u00edas\u00bb, quienes reafirmaron su compromiso con la labor comunitaria venezolana.<\/p>\n<p style=\"text-align: justify;\">Adem\u00e1s, participaron 126 m\u00e9dicas y m\u00e9dicos del sistema y 758 integrantes del personal de salud, quienes junto al poder popular impulsan el trabajo articulado con conciencia y disciplina revolucionaria. En total, 1 mil 598 personas formaron parte de esta convocatoria, construyendo de manera conjunta respuestas desde la base, en 21 asambleas populares simult\u00e1neas.<\/p>\n<p style=\"text-align: justify;\">Esta iniciativa busca fortalecer el Sistema P\u00fablico Nacional de Salud como expresi\u00f3n concreta del poder popular en territorio y compromiso con el derecho a una vida digna para todas y todos. El evento demostr\u00f3 la voluntad organizativa y la claridad pol\u00edtica del pueblo movilizado, reafirmando el papel de la salud como herramienta transformadora.<\/p>\n<p><img decoding=\"async\" class=\"alignnone size-medium wp-image-22667\" src=\"https:\/\/guayoyo24.com\/website\/wp-content\/uploads\/2025\/07\/WhatsApp-Image-2025-07-06-at-7.24.05-PM-1-1-300x161.jpeg\" alt=\"\" width=\"300\" height=\"161\" srcset=\"https:\/\/guayoyo24.com\/website\/wp-content\/uploads\/2025\/07\/WhatsApp-Image-2025-07-06-at-7.24.05-PM-1-1-300x161.jpeg 300w, https:\/\/guayoyo24.com\/website\/wp-content\/uploads\/2025\/07\/WhatsApp-Image-2025-07-06-at-7.24.05-PM-1-1.jpeg 428w\" sizes=\"(max-width: 300px) 100vw, 300px\" \/><\/p>\n","protected":false},"excerpt":{"rendered":"<p>Prensa Barrio Adentro.- El estado Portuguesa vivi\u00f3 una jornada importante con la realizaci\u00f3n de las asambleas comunitarias, con la participaci\u00f3n de 65 comunas del territorio organizado, siguiendo las orientaciones del presidente Nicol\u00e1s Maduro y la ministra del Poder Popular para la Salud, Magaly Guti\u00e9rrez. La actividad convoc\u00f3 a voceras y voceros populares, personal de salud &hellip;<\/p>\n","protected":false},"author":1,"featured_media":22666,"comment_status":"open","ping_status":"open","sticky":false,"template":"","format":"standard","meta":{"_eb_attr":"","_jetpack_memberships_contains_paid_content":false,"footnotes":""},"categories":[25],"tags":[],"class_list":["post-22665","post","type-post","status-publish","format-standard","has-post-thumbnail","hentry","category-region"],"jetpack_sharing_enabled":true,"jetpack_featured_media_url":"https:\/\/guayoyo24.com\/website\/wp-content\/uploads\/2025\/07\/WhatsApp-Image-2025-07-06-at-7.24.05-PM-2-1.jpeg","_links":{"self":[{"href":"https:\/\/guayoyo24.com\/website\/wp-json\/wp\/v2\/posts\/22665","targetHints":{"allow":["GET"]}}],"collection":[{"href":"https:\/\/guayoyo24.com\/website\/wp-json\/wp\/v2\/posts"}],"about":[{"href":"https:\/\/guayoyo24.com\/website\/wp-json\/wp\/v2\/types\/post"}],"author":[{"embeddable":true,"href":"https:\/\/guayoyo24.com\/website\/wp-json\/wp\/v2\/users\/1"}],"replies":[{"embeddable":true,"href":"https:\/\/guayoyo24.com\/website\/wp-json\/wp\/v2\/comments?post=22665"}],"version-history":[{"count":2,"href":"https:\/\/guayoyo24.com\/website\/wp-json\/wp\/v2\/posts\/22665\/revisions"}],"predecessor-version":[{"id":22669,"href":"https:\/\/guayoyo24.com\/website\/wp-json\/wp\/v2\/posts\/22665\/revisions\/22669"}],"wp:featuredmedia":[{"embeddable":true,"href":"https:\/\/guayoyo24.com\/website\/wp-json\/wp\/v2\/media\/22666"}],"wp:attachment":[{"href":"https:\/\/guayoyo24.com\/website\/wp-json\/wp\/v2\/media?parent=22665"}],"wp:term":[{"taxonomy":"category","embeddable":true,"href":"https:\/\/guayoyo24.com\/website\/wp-json\/wp\/v2\/categories?post=22665"},{"taxonomy":"post_tag","embeddable":true,"href":"https:\/\/guayoyo24.com\/website\/wp-json\/wp\/v2\/tags?post=22665"}],"curies":[{"name":"wp","href":"https:\/\/api.w.org\/{rel}","templated":true}]}}