{"id":23835,"date":"2025-07-29T09:26:38","date_gmt":"2025-07-29T13:26:38","guid":{"rendered":"https:\/\/guayoyo24.com\/website\/?p=23835"},"modified":"2025-07-29T09:26:46","modified_gmt":"2025-07-29T13:26:46","slug":"china-y-eeuu-vuelven-por-segundo-dia-a-la-ronda-de-negociaciones-comerciales-en-suecia","status":"publish","type":"post","link":"https:\/\/guayoyo24.com\/website\/2025\/07\/29\/china-y-eeuu-vuelven-por-segundo-dia-a-la-ronda-de-negociaciones-comerciales-en-suecia\/","title":{"rendered":"China y EEUU vuelven por segundo d\u00eda a la ronda de negociaciones comerciales en Suecia"},"content":{"rendered":"<p style=\"text-align: justify;\"><strong>Funcionarios chinos y estadounidenses iniciaron una reuni\u00f3n el martes en Estocolmo, para un segundo d\u00eda de negociaciones sobre los aranceles rec\u00edprocos entre ambos pa\u00edses, con el objetivo de extender la pausa arancelaria obtenida en Ginebra en mayo.<\/strong><\/p>\n<div class=\"code-block code-block-3\">\n<p style=\"text-align: justify;\">Periodistas de la AFP vieron a las delegaciones estadounidense y china, encabezadas respectivamente por el secretario del Tesoro Scott Bessent y el viceprimer ministro He Lifeng, entrar al edificio de Rosenbad, donde se llevan a cabo las conversaciones y que alberga la oficina del primer ministro sueco.<\/p>\n<div class=\"code-block code-block-1\" style=\"text-align: justify;\">\n<div id=\"div-gpt-ad-1678065894427-0\"><\/div>\n<\/div>\n<p style=\"text-align: justify;\">Por el momento no se ha comunicado ninguna informaci\u00f3n sobre el contenido de las discusiones que se celebran desde el lunes en la capital sueca.<\/p>\n<p style=\"text-align: justify;\">Pek\u00edn expres\u00f3 su esperanza de que estas se realicen en un esp\u00edritu de \u00abrespeto mutuo y reciprocidad\u00bb.<\/p>\n<p style=\"text-align: justify;\">China busca que se \u00abreduzcan los malentendidos, fortalezca la cooperaci\u00f3n y promueva el desarrollo estable, sano y sostenible de las relaciones entre China y Estados Unidos,\u00bb dijo el portavoz del Ministerio de Relaciones Exteriores, Guo Jiakun, el lunes durante una conferencia de prensa en Pek\u00edn.<\/p>\n<p style=\"text-align: justify;\">Las discusiones en Estocolmo tienen como objetivo extender la pausa de 90 d\u00edas negociada en mayo en Ginebra, que puso fin a las represalias de ambos lados del Pac\u00edfico que originaron aranceles prohibitivos.<\/p>\n<p style=\"text-align: justify;\">Esto permiti\u00f3 reducir los aranceles sobre productos estadounidenses y chinos, del 125% y 145% respectivamente, a niveles m\u00e1s modestos del 10% y 30%, que se suman a los existentes anteriormente sobre ciertos productos, antes del regreso de Donald Trump a la Casa Blanca a finales de enero.<\/p>\n<p style=\"text-align: justify;\">Las negociaciones en Suecia se desarrollan en una semana decisiva para la pol\u00edtica comercial del presidente Donald Trump, ya que los aranceles aplicados a la mayor\u00eda de los principales socios comerciales de Estados Unidos experimentar\u00e1n un aumento abrupto el 1 de agosto.<\/p>\n<p style=\"text-align: justify;\">Ante esta fecha inminente, varios pa\u00edses se apresuran a concluir un acuerdo con Washington.<\/p>\n<p style=\"text-align: justify;\">El domingo, el presidente Trump y la presidenta de la Comisi\u00f3n Europea, Ursula von der Leyen, anunciaron en Escocia un acuerdo arancelario que estipula que los productos europeos exportados a Estados Unidos se gravar\u00e1n al 15%.<\/p>\n<p style=\"text-align: justify;\">En Par\u00eds, aunque se reconoce que este acuerdo traer\u00e1 \u00abestabilidad\u00bb a las empresas, se insiste sobre todo en su naturaleza \u00abdesequilibrada\u00bb, seg\u00fan los t\u00e9rminos utilizados por varios miembros del gobierno.<\/p>\n<\/div>\n","protected":false},"excerpt":{"rendered":"<p>Funcionarios chinos y estadounidenses iniciaron una reuni\u00f3n el martes en Estocolmo, para un segundo d\u00eda de negociaciones sobre los aranceles rec\u00edprocos entre ambos pa\u00edses, con el objetivo de extender la pausa arancelaria obtenida en Ginebra en mayo. Periodistas de la AFP vieron a las delegaciones estadounidense y china, encabezadas respectivamente por el secretario del Tesoro &hellip;<\/p>\n","protected":false},"author":1,"featured_media":23836,"comment_status":"open","ping_status":"open","sticky":false,"template":"","format":"standard","meta":{"_eb_attr":"","_jetpack_memberships_contains_paid_content":false,"footnotes":""},"categories":[28,1],"tags":[],"class_list":["post-23835","post","type-post","status-publish","format-standard","has-post-thumbnail","hentry","category-mundo","category-uncategorized"],"jetpack_sharing_enabled":true,"jetpack_featured_media_url":"https:\/\/guayoyo24.com\/website\/wp-content\/uploads\/2025\/07\/17494817015438-696x464-1.jpg","_links":{"self":[{"href":"https:\/\/guayoyo24.com\/website\/wp-json\/wp\/v2\/posts\/23835","targetHints":{"allow":["GET"]}}],"collection":[{"href":"https:\/\/guayoyo24.com\/website\/wp-json\/wp\/v2\/posts"}],"about":[{"href":"https:\/\/guayoyo24.com\/website\/wp-json\/wp\/v2\/types\/post"}],"author":[{"embeddable":true,"href":"https:\/\/guayoyo24.com\/website\/wp-json\/wp\/v2\/users\/1"}],"replies":[{"embeddable":true,"href":"https:\/\/guayoyo24.com\/website\/wp-json\/wp\/v2\/comments?post=23835"}],"version-history":[{"count":1,"href":"https:\/\/guayoyo24.com\/website\/wp-json\/wp\/v2\/posts\/23835\/revisions"}],"predecessor-version":[{"id":23837,"href":"https:\/\/guayoyo24.com\/website\/wp-json\/wp\/v2\/posts\/23835\/revisions\/23837"}],"wp:featuredmedia":[{"embeddable":true,"href":"https:\/\/guayoyo24.com\/website\/wp-json\/wp\/v2\/media\/23836"}],"wp:attachment":[{"href":"https:\/\/guayoyo24.com\/website\/wp-json\/wp\/v2\/media?parent=23835"}],"wp:term":[{"taxonomy":"category","embeddable":true,"href":"https:\/\/guayoyo24.com\/website\/wp-json\/wp\/v2\/categories?post=23835"},{"taxonomy":"post_tag","embeddable":true,"href":"https:\/\/guayoyo24.com\/website\/wp-json\/wp\/v2\/tags?post=23835"}],"curies":[{"name":"wp","href":"https:\/\/api.w.org\/{rel}","templated":true}]}}