{"id":23853,"date":"2025-07-29T09:41:31","date_gmt":"2025-07-29T13:41:31","guid":{"rendered":"https:\/\/guayoyo24.com\/website\/?p=23853"},"modified":"2025-07-29T09:41:31","modified_gmt":"2025-07-29T13:41:31","slug":"kico-bautista-mcm-sera-recordada-como-el-barbarazo-acabo-con-todo","status":"publish","type":"post","link":"https:\/\/guayoyo24.com\/website\/2025\/07\/29\/kico-bautista-mcm-sera-recordada-como-el-barbarazo-acabo-con-todo\/","title":{"rendered":"Kico Bautista: \u00abMCM ser\u00e1 recordada como el barbarazo, acab\u00f3 con todo\u00bb"},"content":{"rendered":"<div>El periodista y pol\u00edtico Francisco Bautista, mejor conocido como\u00a0<b>Kico Bautista,<\/b>\u00a0afirm\u00f3 que \u00ab<b>Mar\u00eda Corina (Machado)\u00a0<\/b>ser\u00e1 recordada\u00a0como el barbarazo\u00bb, asegurando que \u00abacab\u00f3 con todo\u00bb y \u00abmolest\u00f3 a la oposici\u00f3n\u00bb.<\/div>\n<div><\/div>\n<blockquote><p>\u00abNo solo perdiste t\u00fa, moliste a todos los dem\u00e1s\u201d, sentenci\u00f3 Bautista durante la transmisi\u00f3n del<b>\u00a0Podcast Globovisi\u00f3n<\/b>\u00a0durante las elecciones municipales.<\/p><\/blockquote>\n<div><\/div>\n<div>Asimismo, agreg\u00f3 que el grupo pol\u00edtico de\u00a0<b>Machado<\/b>\u00a0no ten\u00eda ninguna estrategia para las presidenciales del 28 de julio y record\u00f3 que el militante de Vente Venezuela, Carlos Blanco, lo admiti\u00f3 durante una entrevista de radio.<\/div>\n<div><\/div>\n<div>\n<blockquote><p>\u201cNo ten\u00edan claro porque la se\u00f1ora Machado, en t\u00e9rminos pol\u00edticos, lo que tiene es un b\u00e1sico, el anticomunismo ese que es el rampl\u00f3n, los malos y los buenos, toda esa simbolog\u00eda, que en la pol\u00edtica no es verdad. Eso ya pas\u00f3 (&#8230;). Lo dijo \u00e9l, no lo estoy diciendo yo, as\u00ed que vaya a decirle traidor a Carlos Blanco\u201d, dijo de forma ir\u00f3nica haciendo referencia a quienes lo tildan de \u00abtraidor\u00bb por su criterio pol\u00edtico.<\/p><\/blockquote>\n<div><\/div>\n<div><iframe id=\"instagram-embed-0\" class=\"instagram-media instagram-media-rendered\" src=\"https:\/\/www.instagram.com\/reel\/DMojXBsOt0s\/embed\/captioned\/?cr=1&amp;v=14&amp;wp=540&amp;rd=https%3A%2F%2Fwww.globovision.com&amp;rp=%2Fnacional%2F42330%2Fmaria-corina-machado-no-va-a-ser-recordada-como-el-barbarazo-aseguro-kico-bautista#%7B%22ci%22%3A0%2C%22os%22%3A1077%2C%22ls%22%3A415.09999999962747%2C%22le%22%3A1010.5%7D\" height=\"1063\" frameborder=\"0\" scrolling=\"no\" allowfullscreen=\"allowfullscreen\" data-instgrm-payload-id=\"instagram-media-payload-0\" data-mce-fragment=\"1\"><\/iframe><\/div>\n<p><b>Bautista\u00a0<\/b>opin\u00f3 que actualmente hay un cambio positivo en la oposici\u00f3n venezolana.<\/p>\n<blockquote><p>\u201cParte del proceso que viene es una nueva propuesta pol\u00edtica en los sectores de la oposici\u00f3n. Eso que los mayameros destruyeron, ahora se empieza a reconstruir con acuerdos reales. Ya no es descalificarse, es preguntarse cu\u00e1ntos votos tienes t\u00fa y cu\u00e1ntos tengo yo, vamos a aliarnos para ganar\u201d, agreg\u00f3.<\/p><\/blockquote>\n<p>Seguidamente, calific\u00f3 de forma positiva \u00abesas\u00a0rectificaciones que estamos comenzando a ver son tal vez la clave de la pel\u00edcula\u00bb, al tiempo que consider\u00f3 que \u00abhab\u00eda que pasar por el error de haber puesto el 28 al liderazgo m\u00e1s inconveniente e incompetente como cabeza de la oposici\u00f3n\u00bb.<\/p><\/div>\n<div><\/div>\n<blockquote><p>\u00abEso es lo que hay que pagar ahorita\u201d, resalt\u00f3.<\/p><\/blockquote>\n<p>V\u00eda Globovisi\u00f3n<\/p>\n","protected":false},"excerpt":{"rendered":"<p>El periodista y pol\u00edtico Francisco Bautista, mejor conocido como\u00a0Kico Bautista,\u00a0afirm\u00f3 que \u00abMar\u00eda Corina (Machado)\u00a0ser\u00e1 recordada\u00a0como el barbarazo\u00bb, asegurando que \u00abacab\u00f3 con todo\u00bb y \u00abmolest\u00f3 a la oposici\u00f3n\u00bb. \u00abNo solo perdiste t\u00fa, moliste a todos los dem\u00e1s\u201d, sentenci\u00f3 Bautista durante la transmisi\u00f3n del\u00a0Podcast Globovisi\u00f3n\u00a0durante las elecciones municipales. Asimismo, agreg\u00f3 que el grupo pol\u00edtico de\u00a0Machado\u00a0no ten\u00eda ninguna &hellip;<\/p>\n","protected":false},"author":1,"featured_media":23854,"comment_status":"open","ping_status":"open","sticky":false,"template":"","format":"standard","meta":{"_eb_attr":"","_jetpack_memberships_contains_paid_content":false,"footnotes":""},"categories":[26],"tags":[],"class_list":["post-23853","post","type-post","status-publish","format-standard","has-post-thumbnail","hentry","category-nacionales"],"jetpack_sharing_enabled":true,"jetpack_featured_media_url":"https:\/\/guayoyo24.com\/website\/wp-content\/uploads\/2025\/07\/kico-bautista-45516.jpg","_links":{"self":[{"href":"https:\/\/guayoyo24.com\/website\/wp-json\/wp\/v2\/posts\/23853","targetHints":{"allow":["GET"]}}],"collection":[{"href":"https:\/\/guayoyo24.com\/website\/wp-json\/wp\/v2\/posts"}],"about":[{"href":"https:\/\/guayoyo24.com\/website\/wp-json\/wp\/v2\/types\/post"}],"author":[{"embeddable":true,"href":"https:\/\/guayoyo24.com\/website\/wp-json\/wp\/v2\/users\/1"}],"replies":[{"embeddable":true,"href":"https:\/\/guayoyo24.com\/website\/wp-json\/wp\/v2\/comments?post=23853"}],"version-history":[{"count":1,"href":"https:\/\/guayoyo24.com\/website\/wp-json\/wp\/v2\/posts\/23853\/revisions"}],"predecessor-version":[{"id":23855,"href":"https:\/\/guayoyo24.com\/website\/wp-json\/wp\/v2\/posts\/23853\/revisions\/23855"}],"wp:featuredmedia":[{"embeddable":true,"href":"https:\/\/guayoyo24.com\/website\/wp-json\/wp\/v2\/media\/23854"}],"wp:attachment":[{"href":"https:\/\/guayoyo24.com\/website\/wp-json\/wp\/v2\/media?parent=23853"}],"wp:term":[{"taxonomy":"category","embeddable":true,"href":"https:\/\/guayoyo24.com\/website\/wp-json\/wp\/v2\/categories?post=23853"},{"taxonomy":"post_tag","embeddable":true,"href":"https:\/\/guayoyo24.com\/website\/wp-json\/wp\/v2\/tags?post=23853"}],"curies":[{"name":"wp","href":"https:\/\/api.w.org\/{rel}","templated":true}]}}