{"id":24098,"date":"2025-08-01T09:11:45","date_gmt":"2025-08-01T13:11:45","guid":{"rendered":"https:\/\/guayoyo24.com\/website\/?p=24098"},"modified":"2025-08-01T09:11:45","modified_gmt":"2025-08-01T13:11:45","slug":"interes-del-ac-milan-en-jon-aramburu","status":"publish","type":"post","link":"https:\/\/guayoyo24.com\/website\/2025\/08\/01\/interes-del-ac-milan-en-jon-aramburu\/","title":{"rendered":"Inter\u00e9s del AC Milan en Jon Aramburu"},"content":{"rendered":"<p>El AC Milan ha sido vinculado con el lateral derecho venezolano\u00a0<a href=\"https:\/\/www.transfermarkt.es\/jon-aramburu\/profil\/spieler\/661145\" target=\"_blank\" rel=\"noopener\">Jon Aramburu<\/a>, aunque el inter\u00e9s parece m\u00e1s una propuesta de sus representantes que una b\u00fasqueda activa del club.<\/p>\n<figure class=\"wp-block-embed is-type-rich is-provider-twitter wp-block-embed-twitter\">\n<div class=\"wp-block-embed__wrapper\">\n<div class=\"twitter-tweet twitter-tweet-rendered\"><iframe id=\"twitter-widget-0\" class=\"\" title=\"X Post\" src=\"https:\/\/platform.twitter.com\/embed\/Tweet.html?creatorScreenName=lideresdeporte&amp;dnt=true&amp;embedId=twitter-widget-0&amp;features=eyJ0ZndfdGltZWxpbmVfbGlzdCI6eyJidWNrZXQiOltdLCJ2ZXJzaW9uIjpudWxsfSwidGZ3X2ZvbGxvd2VyX2NvdW50X3N1bnNldCI6eyJidWNrZXQiOnRydWUsInZlcnNpb24iOm51bGx9LCJ0ZndfdHdlZXRfZWRpdF9iYWNrZW5kIjp7ImJ1Y2tldCI6Im9uIiwidmVyc2lvbiI6bnVsbH0sInRmd19yZWZzcmNfc2Vzc2lvbiI6eyJidWNrZXQiOiJvbiIsInZlcnNpb24iOm51bGx9LCJ0ZndfZm9zbnJfc29mdF9pbnRlcnZlbnRpb25zX2VuYWJsZWQiOnsiYnVja2V0Ijoib24iLCJ2ZXJzaW9uIjpudWxsfSwidGZ3X21peGVkX21lZGlhXzE1ODk3Ijp7ImJ1Y2tldCI6InRyZWF0bWVudCIsInZlcnNpb24iOm51bGx9LCJ0ZndfZXhwZXJpbWVudHNfY29va2llX2V4cGlyYXRpb24iOnsiYnVja2V0IjoxMjA5NjAwLCJ2ZXJzaW9uIjpudWxsfSwidGZ3X3Nob3dfYmlyZHdhdGNoX3Bpdm90c19lbmFibGVkIjp7ImJ1Y2tldCI6Im9uIiwidmVyc2lvbiI6bnVsbH0sInRmd19kdXBsaWNhdGVfc2NyaWJlc190b19zZXR0aW5ncyI6eyJidWNrZXQiOiJvbiIsInZlcnNpb24iOm51bGx9LCJ0ZndfdXNlX3Byb2ZpbGVfaW1hZ2Vfc2hhcGVfZW5hYmxlZCI6eyJidWNrZXQiOiJvbiIsInZlcnNpb24iOm51bGx9LCJ0ZndfdmlkZW9faGxzX2R5bmFtaWNfbWFuaWZlc3RzXzE1MDgyIjp7ImJ1Y2tldCI6InRydWVfYml0cmF0ZSIsInZlcnNpb24iOm51bGx9LCJ0ZndfbGVnYWN5X3RpbWVsaW5lX3N1bnNldCI6eyJidWNrZXQiOnRydWUsInZlcnNpb24iOm51bGx9LCJ0ZndfdHdlZXRfZWRpdF9mcm9udGVuZCI6eyJidWNrZXQiOiJvbiIsInZlcnNpb24iOm51bGx9fQ%3D%3D&amp;frame=false&amp;hideCard=false&amp;hideThread=false&amp;id=1951009822855274763&amp;lang=es&amp;origin=https%3A%2F%2Fwww.liderendeportes.com%2Fnoticias%2Ffutbol%2Feuropeo%2Finteres-del-ac-milan-en-jon-aramburu%2F&amp;sessionId=17f1949f44cc803ccc76fc75588a8cb730e19914&amp;siteScreenName=lideresdeporte&amp;theme=light&amp;widgetsVersion=2615f7e52b7e0%3A1702314776716&amp;width=550px\" frameborder=\"0\" scrolling=\"no\" allowfullscreen=\"allowfullscreen\" data-tweet-id=\"1951009822855274763\" data-mce-fragment=\"1\"><\/iframe><\/div>\n<\/div>\n<\/figure>\n<p>El criollo es un lateral conocido por su solidez defensiva, y que ha mejorado en su faceta ofensiva.<\/p>\n<p>Sin embargo, su adaptaci\u00f3n al esquema t\u00e1ctico del Milan, que juega con una l\u00ednea de tres centrales y cinco volantes, podr\u00eda ser un desaf\u00edo.<\/p>\n<p>En este sistema, los laterales deben ser vers\u00e1tiles, capaces de desempe\u00f1arse tanto en funciones ofensivas como defensivas.<\/p>\n<p>Aunque Aramburu tiene el potencial para adaptarse a este rol, su perfil actual es m\u00e1s defensivo, lo que podr\u00eda requerir un tiempo de adaptaci\u00f3n.<\/p>\n<div id=\"r89-desktop-incontent-penultimo-parrafo-0-wrapper\">\n<div id=\"r89-desktop-incontent-penultimo-parrafo-0\" data-google-query-id=\"CKrRxt3X6Y4DFemVywEdMaA6ZQ\">\n<div id=\"google_ads_iframe_\/15748617,1030982\/Liderendeportescom\/Liderendeportescom-Desktop-InContent-Penultimo-Parrafo_0__container__\"><\/div>\n<\/div>\n<\/div>\n<p>Adem\u00e1s, el Milan cuenta con otros jugadores en la posici\u00f3n de lateral derecho, como Alex Jim\u00e9nez, Emerson Royal y Filippo Terracciano, lo que podr\u00eda limitar las posibilidades de un fichaje.<\/p>\n<p>Aunque el nombre de Jon Aramburu ha sido vinculado al AC Milan, el inter\u00e9s parece ser m\u00e1s una propuesta externa que una decisi\u00f3n interna del club. La posible transferencia sigue en el \u00e1mbito de las especulaciones, sin una decisi\u00f3n firme por parte del equipo italiano.<\/p>\n","protected":false},"excerpt":{"rendered":"<p>El AC Milan ha sido vinculado con el lateral derecho venezolano\u00a0Jon Aramburu, aunque el inter\u00e9s parece m\u00e1s una propuesta de sus representantes que una b\u00fasqueda activa del club. El criollo es un lateral conocido por su solidez defensiva, y que ha mejorado en su faceta ofensiva. Sin embargo, su adaptaci\u00f3n al esquema t\u00e1ctico del Milan, &hellip;<\/p>\n","protected":false},"author":1,"featured_media":24099,"comment_status":"open","ping_status":"open","sticky":false,"template":"","format":"standard","meta":{"_eb_attr":"","_jetpack_memberships_contains_paid_content":false,"footnotes":""},"categories":[29],"tags":[],"class_list":["post-24098","post","type-post","status-publish","format-standard","has-post-thumbnail","hentry","category-deportes"],"jetpack_sharing_enabled":true,"jetpack_featured_media_url":"https:\/\/guayoyo24.com\/website\/wp-content\/uploads\/2025\/08\/Jon-Aramburu.png","_links":{"self":[{"href":"https:\/\/guayoyo24.com\/website\/wp-json\/wp\/v2\/posts\/24098","targetHints":{"allow":["GET"]}}],"collection":[{"href":"https:\/\/guayoyo24.com\/website\/wp-json\/wp\/v2\/posts"}],"about":[{"href":"https:\/\/guayoyo24.com\/website\/wp-json\/wp\/v2\/types\/post"}],"author":[{"embeddable":true,"href":"https:\/\/guayoyo24.com\/website\/wp-json\/wp\/v2\/users\/1"}],"replies":[{"embeddable":true,"href":"https:\/\/guayoyo24.com\/website\/wp-json\/wp\/v2\/comments?post=24098"}],"version-history":[{"count":1,"href":"https:\/\/guayoyo24.com\/website\/wp-json\/wp\/v2\/posts\/24098\/revisions"}],"predecessor-version":[{"id":24100,"href":"https:\/\/guayoyo24.com\/website\/wp-json\/wp\/v2\/posts\/24098\/revisions\/24100"}],"wp:featuredmedia":[{"embeddable":true,"href":"https:\/\/guayoyo24.com\/website\/wp-json\/wp\/v2\/media\/24099"}],"wp:attachment":[{"href":"https:\/\/guayoyo24.com\/website\/wp-json\/wp\/v2\/media?parent=24098"}],"wp:term":[{"taxonomy":"category","embeddable":true,"href":"https:\/\/guayoyo24.com\/website\/wp-json\/wp\/v2\/categories?post=24098"},{"taxonomy":"post_tag","embeddable":true,"href":"https:\/\/guayoyo24.com\/website\/wp-json\/wp\/v2\/tags?post=24098"}],"curies":[{"name":"wp","href":"https:\/\/api.w.org\/{rel}","templated":true}]}}