{"id":24115,"date":"2025-08-01T09:34:27","date_gmt":"2025-08-01T13:34:27","guid":{"rendered":"https:\/\/guayoyo24.com\/website\/?p=24115"},"modified":"2025-08-01T09:34:27","modified_gmt":"2025-08-01T13:34:27","slug":"colombia-en-vilo-este-viernes-se-conocera-la-sentencia-contra-alvaro-uribe-velez","status":"publish","type":"post","link":"https:\/\/guayoyo24.com\/website\/2025\/08\/01\/colombia-en-vilo-este-viernes-se-conocera-la-sentencia-contra-alvaro-uribe-velez\/","title":{"rendered":"Colombia en vilo: este viernes se conocer\u00e1 la sentencia contra \u00c1lvaro Uribe V\u00e9lez"},"content":{"rendered":"<p>El mapa pol\u00edtico del pa\u00eds sudamericano se encuentra a la espera de que este viernes, la jueza, Sandra Liliana Heredia,\u00a0decida el tiempo y la forma de la condena contra el expresidente \u00c1lvaro Uribe V\u00e9lez por los delitos de soborno en actuaci\u00f3n penal y fraude procesal.<\/p>\n<div>La togada anunci\u00f3 el lunes 28 de julio que, conforme al an\u00e1lisis del caso, que lleva en los estrados m\u00e1s de una d\u00e9cada, encontr\u00f3 culpable al l\u00edder pol\u00edtico del partido derechista Centro Democr\u00e1tico en primera instancia.<\/p>\n<p>Durante la lectura del fallo, la encargada de dirimir la disputa judicial declar\u00f3 que la ley colombiana prev\u00e9 una condena de \u00abun monto superior a cuatro a\u00f1os e inferior a ocho\u00bb. Aunque tambi\u00e9n asever\u00f3 que Uribe es \u00abmerecedor de la prisi\u00f3n domiciliaria como sustitutiva de la pena de prisi\u00f3n\u00bb.<\/p>\n<p>Por su parte, la fiscal del caso Marlene Orjuela pidi\u00f3 una pena mayor, de nueve a\u00f1os, y una multa de 1.458 millones de pesos colombianos para el antiguo jefe de Estado.<\/p>\n<p>Uribe se encuentra contra las cuerdas, a ra\u00edz de su presunta participaci\u00f3n en una trama de soborno a testigos por medio del abogado Diego Cadena, quien habr\u00eda visitado a varios exparamilitares con el objetivo de que declararan en contra del senador Iv\u00e1n Cepeda.<\/p>\n<p><b>La defensa prepara la apelaci\u00f3n<\/b><\/p>\n<div>\nTras conocer que su representado fue encontrado culpable de dos delitos, la defensa de Uribe afirm\u00f3 que ya se encuentra preparando la apelaci\u00f3n a la decisi\u00f3n de la jueza Heredia.<\/p>\n<p>El abogado, Jaime Granados, apoderado de Uribe V\u00e9lez, declar\u00f3 que el 11 de agosto interpondr\u00e1n un documento ante el Tribunal Superior de Bogot\u00e1 para anular la condena a la que se enfrentar\u00eda el exmandatario.<\/p>\n<p>Seg\u00fan los tiempos estipulados por la legislaci\u00f3n colombiana, la segunda instancia deber\u00e1 estar zanjada con plazo m\u00e1ximo, el 16 de octubre de este a\u00f1o.<\/p>\n<p>Tanto la defensa del acusado como los partidarios pol\u00edticos de \u00c1lvaro Uribe V\u00e9lez argumentan que varias de las pruebas reconocidas como v\u00e1lidas por la jueza Heredia, no ser\u00edan leg\u00edtimas conforme al ordenamiento jur\u00eddico colombiano.<\/p>\n<p>Tambi\u00e9n, es posible que luego de la decisi\u00f3n del Tribunal Superior de Bogot\u00e1, alguna de las partes del juicio intente llevar el caso a la sala de casaci\u00f3n de la Corte Suprema de Justicia, que tendr\u00eda la palabra final del proceso judicial.<\/p>\n<p><b>Estados Unidos y la derecha latinoamericana a la expectativa<\/b><\/div>\n<div>\nLuego de que se conociera el sentido del fallo, el secretario de Estado de Estados Unidos, Marco Rubio, afirm\u00f3 que el expresidente de Colombia es v\u00edctima de \u201cla instrumentalizaci\u00f3n del poder judicial por parte de jueces radicales\u201d.<\/p>\n<p>Asimismo, otras figuras de la pol\u00edtica de la regi\u00f3n como el ex jefe de Estado de Argentina, Mauricio Macri, y el exmandatario mexicano, Felipe Calder\u00f3n, defendieron p\u00fablicamente la inocencia del hombre de 73 a\u00f1os.<\/p>\n<p>Entretanto, el partido Centro Democr\u00e1tico ha convocado para ma\u00f1ana una manifestaci\u00f3n frente al complejo judicial de Paloquemao, en Bogot\u00e1, para hacer frente a la decisi\u00f3n de la jueza Sandra Liliana Heredia.<\/p>\n<p><b><i>V\u00eda Globovisi\u00f3n\u00a0<\/i><\/b><\/div>\n<\/div>\n","protected":false},"excerpt":{"rendered":"<p>El mapa pol\u00edtico del pa\u00eds sudamericano se encuentra a la espera de que este viernes, la jueza, Sandra Liliana Heredia,\u00a0decida el tiempo y la forma de la condena contra el expresidente \u00c1lvaro Uribe V\u00e9lez por los delitos de soborno en actuaci\u00f3n penal y fraude procesal. La togada anunci\u00f3 el lunes 28 de julio que, conforme &hellip;<\/p>\n","protected":false},"author":1,"featured_media":24116,"comment_status":"open","ping_status":"open","sticky":false,"template":"","format":"standard","meta":{"_eb_attr":"","_jetpack_memberships_contains_paid_content":false,"footnotes":""},"categories":[28],"tags":[],"class_list":["post-24115","post","type-post","status-publish","format-standard","has-post-thumbnail","hentry","category-mundo"],"jetpack_sharing_enabled":true,"jetpack_featured_media_url":"https:\/\/guayoyo24.com\/website\/wp-content\/uploads\/2025\/08\/alvaro-uribe-velez-45690.jpeg","_links":{"self":[{"href":"https:\/\/guayoyo24.com\/website\/wp-json\/wp\/v2\/posts\/24115","targetHints":{"allow":["GET"]}}],"collection":[{"href":"https:\/\/guayoyo24.com\/website\/wp-json\/wp\/v2\/posts"}],"about":[{"href":"https:\/\/guayoyo24.com\/website\/wp-json\/wp\/v2\/types\/post"}],"author":[{"embeddable":true,"href":"https:\/\/guayoyo24.com\/website\/wp-json\/wp\/v2\/users\/1"}],"replies":[{"embeddable":true,"href":"https:\/\/guayoyo24.com\/website\/wp-json\/wp\/v2\/comments?post=24115"}],"version-history":[{"count":1,"href":"https:\/\/guayoyo24.com\/website\/wp-json\/wp\/v2\/posts\/24115\/revisions"}],"predecessor-version":[{"id":24117,"href":"https:\/\/guayoyo24.com\/website\/wp-json\/wp\/v2\/posts\/24115\/revisions\/24117"}],"wp:featuredmedia":[{"embeddable":true,"href":"https:\/\/guayoyo24.com\/website\/wp-json\/wp\/v2\/media\/24116"}],"wp:attachment":[{"href":"https:\/\/guayoyo24.com\/website\/wp-json\/wp\/v2\/media?parent=24115"}],"wp:term":[{"taxonomy":"category","embeddable":true,"href":"https:\/\/guayoyo24.com\/website\/wp-json\/wp\/v2\/categories?post=24115"},{"taxonomy":"post_tag","embeddable":true,"href":"https:\/\/guayoyo24.com\/website\/wp-json\/wp\/v2\/tags?post=24115"}],"curies":[{"name":"wp","href":"https:\/\/api.w.org\/{rel}","templated":true}]}}