{"id":24135,"date":"2025-08-02T12:10:03","date_gmt":"2025-08-02T16:10:03","guid":{"rendered":"https:\/\/guayoyo24.com\/website\/?p=24135"},"modified":"2025-08-02T12:10:03","modified_gmt":"2025-08-02T16:10:03","slug":"en-segunda-discusion-fueron-nombradas-las-comisiones-del-concejo-municipal-de-paez","status":"publish","type":"post","link":"https:\/\/guayoyo24.com\/website\/2025\/08\/02\/en-segunda-discusion-fueron-nombradas-las-comisiones-del-concejo-municipal-de-paez\/","title":{"rendered":"En segunda discusi\u00f3n fueron nombradas las comisiones del Concejo Municipal de P\u00e1ez"},"content":{"rendered":"<p style=\"text-align: justify;\"><strong>Irlit Castillo.-<\/strong><\/p>\n<p style=\"text-align: justify;\">Durante una segunda discusi\u00f3n de la reci\u00e9n instalada Concejo Municipal de P\u00e1ez, se nombraron las comisiones e instalaron la nueva administraci\u00f3n.<\/p>\n<p style=\"text-align: justify;\">Con la presencia de los 9 concejales en pleno, en el concejo municipal se nombraron en la Comisi\u00f3n de Econom\u00eda fiscales, al concejal Jos\u00e9 Badillo y en la Vicepresidencia Frank Mendez.<\/p>\n<p style=\"text-align: justify;\">Mientras que en la comisi\u00f3n de Servicios P\u00fablicos al edil Ribert Cortez y en la Vicepresidencia Duglannys Barreto. En la comisi\u00f3n de Cultura y deporte al concejal Neison Nieves y en la Vicepresidencia Laura Guedez.<\/p>\n<p style=\"text-align: justify;\">En lo que respecta a la comisi\u00f3n de Ejidos, Duglannys Barreto presidir\u00e1 la misma y en la Vicepresidencia Greidith P\u00e9rez.<\/p>\n<p style=\"text-align: justify;\">En la comisi\u00f3n de Vialidad el concejal Frank Mendez y en la Vicepresidencia Jos\u00e9 Badillo.<br \/>\nEn la comisi\u00f3n de Ambiente Greidith P\u00e9rez y en la Vicepresidencia Neison Nieves. En la comisi\u00f3n de Contralor\u00eda los concejales Selenia Contreras y en la vicepresidencia<br \/>\nRibert Cortez.<\/p>\n<p style=\"text-align: justify;\">Para finalizar, la Comisi\u00f3n de Poder Popular ser\u00e1 presidida por Laura Guedez y en Vicepresidencia Selenia Contreras.<\/p>\n","protected":false},"excerpt":{"rendered":"<p>Irlit Castillo.- Durante una segunda discusi\u00f3n de la reci\u00e9n instalada Concejo Municipal de P\u00e1ez, se nombraron las comisiones e instalaron la nueva administraci\u00f3n. Con la presencia de los 9 concejales en pleno, en el concejo municipal se nombraron en la Comisi\u00f3n de Econom\u00eda fiscales, al concejal Jos\u00e9 Badillo y en la Vicepresidencia Frank Mendez. Mientras &hellip;<\/p>\n","protected":false},"author":1,"featured_media":24136,"comment_status":"open","ping_status":"open","sticky":false,"template":"","format":"standard","meta":{"_eb_attr":"","_jetpack_memberships_contains_paid_content":false,"footnotes":""},"categories":[28],"tags":[],"class_list":["post-24135","post","type-post","status-publish","format-standard","has-post-thumbnail","hentry","category-mundo"],"jetpack_sharing_enabled":true,"jetpack_featured_media_url":"https:\/\/guayoyo24.com\/website\/wp-content\/uploads\/2025\/08\/WhatsApp-Image-2025-08-01-at-11.07.13-AM.jpeg","_links":{"self":[{"href":"https:\/\/guayoyo24.com\/website\/wp-json\/wp\/v2\/posts\/24135","targetHints":{"allow":["GET"]}}],"collection":[{"href":"https:\/\/guayoyo24.com\/website\/wp-json\/wp\/v2\/posts"}],"about":[{"href":"https:\/\/guayoyo24.com\/website\/wp-json\/wp\/v2\/types\/post"}],"author":[{"embeddable":true,"href":"https:\/\/guayoyo24.com\/website\/wp-json\/wp\/v2\/users\/1"}],"replies":[{"embeddable":true,"href":"https:\/\/guayoyo24.com\/website\/wp-json\/wp\/v2\/comments?post=24135"}],"version-history":[{"count":1,"href":"https:\/\/guayoyo24.com\/website\/wp-json\/wp\/v2\/posts\/24135\/revisions"}],"predecessor-version":[{"id":24137,"href":"https:\/\/guayoyo24.com\/website\/wp-json\/wp\/v2\/posts\/24135\/revisions\/24137"}],"wp:featuredmedia":[{"embeddable":true,"href":"https:\/\/guayoyo24.com\/website\/wp-json\/wp\/v2\/media\/24136"}],"wp:attachment":[{"href":"https:\/\/guayoyo24.com\/website\/wp-json\/wp\/v2\/media?parent=24135"}],"wp:term":[{"taxonomy":"category","embeddable":true,"href":"https:\/\/guayoyo24.com\/website\/wp-json\/wp\/v2\/categories?post=24135"},{"taxonomy":"post_tag","embeddable":true,"href":"https:\/\/guayoyo24.com\/website\/wp-json\/wp\/v2\/tags?post=24135"}],"curies":[{"name":"wp","href":"https:\/\/api.w.org\/{rel}","templated":true}]}}