{"id":24344,"date":"2025-08-09T08:35:28","date_gmt":"2025-08-09T12:35:28","guid":{"rendered":"https:\/\/guayoyo24.com\/website\/?p=24344"},"modified":"2025-08-09T08:35:28","modified_gmt":"2025-08-09T12:35:28","slug":"inicio-plan-nacional-mi-medico-mi-comuna-en-portuguesa","status":"publish","type":"post","link":"https:\/\/guayoyo24.com\/website\/2025\/08\/09\/inicio-plan-nacional-mi-medico-mi-comuna-en-portuguesa\/","title":{"rendered":"Inicio plan nacional Mi M\u00e9dico, Mi Comuna en Portuguesa"},"content":{"rendered":"<p>&nbsp;<\/p>\n<p>REDACCI\u00d3N GUAYOYO.-<\/p>\n<p>Inicio en Portuguesa el Plan Nacional Mi M\u00e9dico, Mi Comuna, a trav\u00e9s de una gran asamblea que se desarroll\u00f3 este jueves en la comuna Guanaguanare, en el municipio Guanare.<\/p>\n<p>La asamblea estuvo presidida por el ministro de Educaci\u00f3n Superior, Ricardo S\u00e1nchez, integrantes del Ejecutivo regional y municipal.<\/p>\n<p>Este plan es una iniciativa destinada a fortalecer el sistema de salud comunitario y brindar oportunidades de formaci\u00f3n a j\u00f3venes a trav\u00e9s de la Universidad Nacional de las Ciencias de la Salud Hugo Ch\u00e1vez Fr\u00edas (UCS).<\/p>\n<p>A fin de garantizar a los futuros profesionales de la salud que sean del mismo territorio de la comuna y de las comunidades y con esto fortalecer el sistema de salud barrio adentro<\/p>\n<p>En Portuguesa se han realizado m\u00e1s de 575 asambleas, donde se han abordado m\u00e1s de 176 comunas, lo que se traduce a unas 700 comunidades.<\/p>\n<p>Este plan est\u00e1 orientado a las 13 carreras que dan en la UCS, pero especialmente las que tengan mayor demanda en las comunidades, como es medicina y enfermer\u00eda.<\/p>\n<p>Actualmente se aspira ingresar en la UCS Portuguesa 3800 estudiantes en este nuevo inicio de formaci\u00f3n; ya la universidad cuenta con una matr\u00edcula de 2786 estudiantes de pregrado y 380 en postgrado.<\/p>\n","protected":false},"excerpt":{"rendered":"<p>&nbsp; REDACCI\u00d3N GUAYOYO.- Inicio en Portuguesa el Plan Nacional Mi M\u00e9dico, Mi Comuna, a trav\u00e9s de una gran asamblea que se desarroll\u00f3 este jueves en la comuna Guanaguanare, en el municipio Guanare. La asamblea estuvo presidida por el ministro de Educaci\u00f3n Superior, Ricardo S\u00e1nchez, integrantes del Ejecutivo regional y municipal. Este plan es una iniciativa &hellip;<\/p>\n","protected":false},"author":1,"featured_media":24349,"comment_status":"open","ping_status":"open","sticky":false,"template":"","format":"standard","meta":{"_eb_attr":"","_jetpack_memberships_contains_paid_content":false,"footnotes":""},"categories":[25],"tags":[],"class_list":["post-24344","post","type-post","status-publish","format-standard","has-post-thumbnail","hentry","category-region"],"jetpack_sharing_enabled":true,"jetpack_featured_media_url":"https:\/\/guayoyo24.com\/website\/wp-content\/uploads\/2025\/08\/WhatsApp-Image-2025-08-08-at-9.21.49-AM-e1754742918781.jpeg","_links":{"self":[{"href":"https:\/\/guayoyo24.com\/website\/wp-json\/wp\/v2\/posts\/24344","targetHints":{"allow":["GET"]}}],"collection":[{"href":"https:\/\/guayoyo24.com\/website\/wp-json\/wp\/v2\/posts"}],"about":[{"href":"https:\/\/guayoyo24.com\/website\/wp-json\/wp\/v2\/types\/post"}],"author":[{"embeddable":true,"href":"https:\/\/guayoyo24.com\/website\/wp-json\/wp\/v2\/users\/1"}],"replies":[{"embeddable":true,"href":"https:\/\/guayoyo24.com\/website\/wp-json\/wp\/v2\/comments?post=24344"}],"version-history":[{"count":1,"href":"https:\/\/guayoyo24.com\/website\/wp-json\/wp\/v2\/posts\/24344\/revisions"}],"predecessor-version":[{"id":24350,"href":"https:\/\/guayoyo24.com\/website\/wp-json\/wp\/v2\/posts\/24344\/revisions\/24350"}],"wp:featuredmedia":[{"embeddable":true,"href":"https:\/\/guayoyo24.com\/website\/wp-json\/wp\/v2\/media\/24349"}],"wp:attachment":[{"href":"https:\/\/guayoyo24.com\/website\/wp-json\/wp\/v2\/media?parent=24344"}],"wp:term":[{"taxonomy":"category","embeddable":true,"href":"https:\/\/guayoyo24.com\/website\/wp-json\/wp\/v2\/categories?post=24344"},{"taxonomy":"post_tag","embeddable":true,"href":"https:\/\/guayoyo24.com\/website\/wp-json\/wp\/v2\/tags?post=24344"}],"curies":[{"name":"wp","href":"https:\/\/api.w.org\/{rel}","templated":true}]}}