{"id":24752,"date":"2025-08-18T02:04:31","date_gmt":"2025-08-18T06:04:31","guid":{"rendered":"https:\/\/guayoyo24.com\/website\/?p=24752"},"modified":"2025-08-19T09:18:41","modified_gmt":"2025-08-19T13:18:41","slug":"el-inces-celebra-el-66-aniversario-a-lo-grande","status":"publish","type":"post","link":"https:\/\/guayoyo24.com\/website\/2025\/08\/18\/el-inces-celebra-el-66-aniversario-a-lo-grande\/","title":{"rendered":"El INCES celebra el 66 aniversario a lo grande"},"content":{"rendered":"<p>&nbsp;<\/p>\n<p>Prensa INCES Portuguesa.-<\/p>\n<p>El Instituto de Capacitaci\u00f3n y Educaci\u00f3n Socialista (INCES) celebra sus 66 a\u00f1os de su creaci\u00f3n y en Portuguesa lo celebrar\u00e1n a lo grande, con una serie de actividades que se est\u00e1n realizando a lo largo de este mes aniversario.<\/p>\n<p>As\u00ed lo di\u00f3 a conocer el Licenciado Alexis Josu\u00e9 P\u00e9rez, Gerente Regional del INCES en Portuguesa, quien nos habl\u00f3 un poco sobre las actividades que se est\u00e1n realizando en la sede de esta prestigiosa casa de estudios en Araure: \u00abHemos tenido un mes muy movido con diferentes actividades festejando el Aniversario del INCES, esta semana celebramos una Misa de Acci\u00f3n de Gracias en nuestra sede junto a todo el personal que all\u00ed labora, tambi\u00e9n se realiz\u00f3 el Acto de Bachillerato Productivo del Liceo INCES, donde m\u00e1s de 100 estudiantes recibieron su t\u00edtulo de Bachiller; de igual manera, este martes 19, tendremos la Elecci\u00f3n de la Madrina INCES y Expo INCES, esto ser\u00e1 en la sede de Araure desde las 8:30 am, en la tarde entregaremos certificados a participantes de diferentes formaciones profesionales en la Comuna Agroturistica Industrial 4 de Febrero en el Complejo Habitacional Sim\u00f3n Bol\u00edvar; el mi\u00e9rcoles a las 8:00 am, tendremos la actividad principal como es la Ofrenda Ornamental al busto de Luis Beltr\u00e1n Prieto Figueroa en la plaza central de nuestra sede, m\u00e1s tarde haremos una labor ecol\u00f3gica de Siembra de Plantas, esto ser\u00e1 en la Zona Protectora Mitar desde las 9:00 am\u00bb.<\/p>\n<p>\u00abEl jueves continuamos celebrando el Aniversario del INCES con una actividad deportiva, donde vamos a compartir tanto los trabajadores como los participantes que hacen vida en nuestra casa de estudios, en la tarde haremos entrega de certificados al C\u00edrculo de Abuelos que hicieron formaciones profesionales en el INCES, esto ser\u00e1 en el Sal\u00f3n Portuguesa y para culminar nuestra agenda, el d\u00eda Viernes tendremos el Acto Solemne donde se entregaran reconocimientos al personal con m\u00e1s a\u00f1os de servicio en la instituci\u00f3n\u00bb, inform\u00f3 P\u00e9rez.<\/p>\n<p>Para finalizar, la m\u00e1xima autoridad acad\u00e9mica del INCES en Portuguesa, hizo un llamado a los portuguese\u00f1os a acercarse a cualquiera de las sedes tanto en Guanare como en Araure, para disfrutar de las actividades pautas por el Mes Aniversario y a la vez a inscribirse en las diferentes formaciones t\u00e9cnicas profesionales que el INCES les ofrece.<\/p>\n","protected":false},"excerpt":{"rendered":"<p>&nbsp; Prensa INCES Portuguesa.- El Instituto de Capacitaci\u00f3n y Educaci\u00f3n Socialista (INCES) celebra sus 66 a\u00f1os de su creaci\u00f3n y en Portuguesa lo celebrar\u00e1n a lo grande, con una serie de actividades que se est\u00e1n realizando a lo largo de este mes aniversario. As\u00ed lo di\u00f3 a conocer el Licenciado Alexis Josu\u00e9 P\u00e9rez, Gerente Regional &hellip;<\/p>\n","protected":false},"author":1,"featured_media":24753,"comment_status":"open","ping_status":"open","sticky":false,"template":"","format":"standard","meta":{"_eb_attr":"","_jetpack_memberships_contains_paid_content":false,"footnotes":""},"categories":[25],"tags":[],"class_list":["post-24752","post","type-post","status-publish","format-standard","has-post-thumbnail","hentry","category-region"],"jetpack_sharing_enabled":true,"jetpack_featured_media_url":"https:\/\/guayoyo24.com\/website\/wp-content\/uploads\/2025\/08\/WhatsApp-Image-2025-08-18-at-10.42.33-AM.jpeg","_links":{"self":[{"href":"https:\/\/guayoyo24.com\/website\/wp-json\/wp\/v2\/posts\/24752","targetHints":{"allow":["GET"]}}],"collection":[{"href":"https:\/\/guayoyo24.com\/website\/wp-json\/wp\/v2\/posts"}],"about":[{"href":"https:\/\/guayoyo24.com\/website\/wp-json\/wp\/v2\/types\/post"}],"author":[{"embeddable":true,"href":"https:\/\/guayoyo24.com\/website\/wp-json\/wp\/v2\/users\/1"}],"replies":[{"embeddable":true,"href":"https:\/\/guayoyo24.com\/website\/wp-json\/wp\/v2\/comments?post=24752"}],"version-history":[{"count":1,"href":"https:\/\/guayoyo24.com\/website\/wp-json\/wp\/v2\/posts\/24752\/revisions"}],"predecessor-version":[{"id":24754,"href":"https:\/\/guayoyo24.com\/website\/wp-json\/wp\/v2\/posts\/24752\/revisions\/24754"}],"wp:featuredmedia":[{"embeddable":true,"href":"https:\/\/guayoyo24.com\/website\/wp-json\/wp\/v2\/media\/24753"}],"wp:attachment":[{"href":"https:\/\/guayoyo24.com\/website\/wp-json\/wp\/v2\/media?parent=24752"}],"wp:term":[{"taxonomy":"category","embeddable":true,"href":"https:\/\/guayoyo24.com\/website\/wp-json\/wp\/v2\/categories?post=24752"},{"taxonomy":"post_tag","embeddable":true,"href":"https:\/\/guayoyo24.com\/website\/wp-json\/wp\/v2\/tags?post=24752"}],"curies":[{"name":"wp","href":"https:\/\/api.w.org\/{rel}","templated":true}]}}